{"id":10251,"date":"2023-06-09T07:43:55","date_gmt":"2023-06-09T06:43:55","guid":{"rendered":"https:\/\/cmcfestival.com.hr\/?p=10251"},"modified":"2023-06-12T12:16:43","modified_gmt":"2023-06-12T11:16:43","slug":"meri-andrakovic-dolazi-s-dramom-u-vodice","status":"publish","type":"post","link":"https:\/\/cmcfestival.com.hr\/?p=10251","title":{"rendered":"Meri Andrakovi\u0107 dolazi s &#8220;Dramom&#8221; u Vodice"},"content":{"rendered":"<p><strong>Na CMC festivalu Meri Andrakovi\u0107 sada je ve\u0107 \u010desta go\u0161\u0107a, a prvog na kojem je nastupila sa smije\u0161kom se prisje\u0107a i zato mu se uvijek rado vra\u0107a.<\/strong><\/p>\n<p><!--more--><\/p>\n<p>Danas je studentica glume, ali i sve prepoznatljivije ime doma\u0107e glazbene scene.<\/p>\n<p>Ove godine Vodice dolazi s <strong>&#8220;Dramom&#8221;<\/strong>, pjesmom koja joj je pomogla da se otkrije. Glazbu i aran\u017eman potpisuje<strong> Boris \u0110ur\u0111evi\u0107<\/strong>, a tekst <strong>Valerija \u0110ur\u0111evi\u0107<\/strong>.<\/p>\n<p>Iza sebe ve\u0107 ima jedan studijski album i niz uspje\u0161nih singlova, a jedno od omiljenih mjesta za njihovo predstavljanje upravo je CMC festival.<\/p>\n","protected":false},"excerpt":{"rendered":"<p>Na CMC festivalu Meri Andrakovi\u0107 sada je ve\u0107 \u010desta go\u0161\u0107a, a prvog na kojem je nastupila sa smije\u0161kom se prisje\u0107a i zato mu se uvijek rado vra\u0107a.<\/p>\n","protected":false},"author":4,"featured_media":10252,"comment_status":"closed","ping_status":"closed","sticky":false,"template":"","format":"standard","meta":{"_jetpack_memberships_contains_paid_content":false,"footnotes":""},"categories":[60],"tags":[329,39,390,89,40],"class_list":["post-10251","post","type-post","status-publish","format-standard","has-post-thumbnail","hentry","category-vijesti","tag-329","tag-cmc-festival","tag-drama","tag-meri-andrakovic","tag-vodice"],"yoast_head":"<!-- This site is optimized with the Yoast SEO plugin v24.2 - https:\/\/yoast.com\/wordpress\/plugins\/seo\/ -->\n<title>Meri Andrakovi\u0107 dolazi s &quot;Dramom&quot; u Vodice - CMC festival Vodice<\/title>\n<meta name=\"robots\" content=\"index, follow, max-snippet:-1, max-image-preview:large, max-video-preview:-1\" \/>\n<link rel=\"canonical\" href=\"https:\/\/cmcfestival.com.hr\/?p=10251\" \/>\n<meta property=\"og:locale\" content=\"hr_HR\" \/>\n<meta property=\"og:type\" content=\"article\" \/>\n<meta property=\"og:title\" content=\"Meri Andrakovi\u0107 dolazi s &quot;Dramom&quot; u Vodice - CMC festival Vodice\" \/>\n<meta property=\"og:description\" content=\"Na CMC festivalu Meri Andrakovi\u0107 sada je ve\u0107 \u010desta go\u0161\u0107a, a prvog na kojem je nastupila sa smije\u0161kom se prisje\u0107a i zato mu se uvijek rado vra\u0107a.\" \/>\n<meta property=\"og:url\" content=\"https:\/\/cmcfestival.com.hr\/?p=10251\" \/>\n<meta property=\"og:site_name\" content=\"CMC festival Vodice\" \/>\n<meta property=\"article:published_time\" content=\"2023-06-09T06:43:55+00:00\" \/>\n<meta property=\"article:modified_time\" content=\"2023-06-12T11:16:43+00:00\" \/>\n<meta property=\"og:image\" content=\"https:\/\/cmcfestival.com.hr\/wp-content\/uploads\/2023\/06\/meri-andrakovic-cmc-festival--scaled.jpg\" \/>\n\t<meta property=\"og:image:width\" content=\"2560\" \/>\n\t<meta property=\"og:image:height\" content=\"1707\" \/>\n\t<meta property=\"og:image:type\" content=\"image\/jpeg\" \/>\n<meta name=\"author\" content=\"Mira\" \/>\n<meta name=\"twitter:card\" content=\"summary_large_image\" \/>\n<meta name=\"twitter:label1\" content=\"Napisao\/la\" \/>\n\t<meta name=\"twitter:data1\" content=\"Mira\" \/>\n\t<meta name=\"twitter:label2\" content=\"Procijenjeno vrijeme \u010ditanja\" \/>\n\t<meta name=\"twitter:data2\" content=\"1 minuta\" \/>\n<script type=\"application\/ld+json\" class=\"yoast-schema-graph\">{\"@context\":\"https:\/\/schema.org\",\"@graph\":[{\"@type\":\"WebPage\",\"@id\":\"https:\/\/cmcfestival.com.hr\/?p=10251\",\"url\":\"https:\/\/cmcfestival.com.hr\/?p=10251\",\"name\":\"Meri Andrakovi\u0107 dolazi s \\\"Dramom\\\" u Vodice - CMC festival Vodice\",\"isPartOf\":{\"@id\":\"https:\/\/cmcfestival.com.hr\/#website\"},\"primaryImageOfPage\":{\"@id\":\"https:\/\/cmcfestival.com.hr\/?p=10251#primaryimage\"},\"image\":{\"@id\":\"https:\/\/cmcfestival.com.hr\/?p=10251#primaryimage\"},\"thumbnailUrl\":\"https:\/\/cmcfestival.com.hr\/wp-content\/uploads\/2023\/06\/meri-andrakovic-cmc-festival--scaled.jpg\",\"datePublished\":\"2023-06-09T06:43:55+00:00\",\"dateModified\":\"2023-06-12T11:16:43+00:00\",\"author\":{\"@id\":\"https:\/\/cmcfestival.com.hr\/#\/schema\/person\/122abe4a5c6c91d71bd88d02bd7c6bef\"},\"breadcrumb\":{\"@id\":\"https:\/\/cmcfestival.com.hr\/?p=10251#breadcrumb\"},\"inLanguage\":\"hr\",\"potentialAction\":[{\"@type\":\"ReadAction\",\"target\":[\"https:\/\/cmcfestival.com.hr\/?p=10251\"]}]},{\"@type\":\"ImageObject\",\"inLanguage\":\"hr\",\"@id\":\"https:\/\/cmcfestival.com.hr\/?p=10251#primaryimage\",\"url\":\"https:\/\/cmcfestival.com.hr\/wp-content\/uploads\/2023\/06\/meri-andrakovic-cmc-festival--scaled.jpg\",\"contentUrl\":\"https:\/\/cmcfestival.com.hr\/wp-content\/uploads\/2023\/06\/meri-andrakovic-cmc-festival--scaled.jpg\",\"width\":2560,\"height\":1707},{\"@type\":\"BreadcrumbList\",\"@id\":\"https:\/\/cmcfestival.com.hr\/?p=10251#breadcrumb\",\"itemListElement\":[{\"@type\":\"ListItem\",\"position\":1,\"name\":\"Po\u010detna stranica\",\"item\":\"https:\/\/cmcfestival.com.hr\/\"},{\"@type\":\"ListItem\",\"position\":2,\"name\":\"Meri Andrakovi\u0107 dolazi s &#8220;Dramom&#8221; u Vodice\"}]},{\"@type\":\"WebSite\",\"@id\":\"https:\/\/cmcfestival.com.hr\/#website\",\"url\":\"https:\/\/cmcfestival.com.hr\/\",\"name\":\"CMC festival Vodice\",\"description\":\"2026\",\"potentialAction\":[{\"@type\":\"SearchAction\",\"target\":{\"@type\":\"EntryPoint\",\"urlTemplate\":\"https:\/\/cmcfestival.com.hr\/?s={search_term_string}\"},\"query-input\":{\"@type\":\"PropertyValueSpecification\",\"valueRequired\":true,\"valueName\":\"search_term_string\"}}],\"inLanguage\":\"hr\"},{\"@type\":\"Person\",\"@id\":\"https:\/\/cmcfestival.com.hr\/#\/schema\/person\/122abe4a5c6c91d71bd88d02bd7c6bef\",\"name\":\"Mira\",\"url\":\"https:\/\/cmcfestival.com.hr\/?author=4\"}]}<\/script>\n<!-- \/ Yoast SEO plugin. -->","yoast_head_json":{"title":"Meri Andrakovi\u0107 dolazi s \"Dramom\" u Vodice - CMC festival Vodice","robots":{"index":"index","follow":"follow","max-snippet":"max-snippet:-1","max-image-preview":"max-image-preview:large","max-video-preview":"max-video-preview:-1"},"canonical":"https:\/\/cmcfestival.com.hr\/?p=10251","og_locale":"hr_HR","og_type":"article","og_title":"Meri Andrakovi\u0107 dolazi s \"Dramom\" u Vodice - CMC festival Vodice","og_description":"Na CMC festivalu Meri Andrakovi\u0107 sada je ve\u0107 \u010desta go\u0161\u0107a, a prvog na kojem je nastupila sa smije\u0161kom se prisje\u0107a i zato mu se uvijek rado vra\u0107a.","og_url":"https:\/\/cmcfestival.com.hr\/?p=10251","og_site_name":"CMC festival Vodice","article_published_time":"2023-06-09T06:43:55+00:00","article_modified_time":"2023-06-12T11:16:43+00:00","og_image":[{"width":2560,"height":1707,"url":"https:\/\/cmcfestival.com.hr\/wp-content\/uploads\/2023\/06\/meri-andrakovic-cmc-festival--scaled.jpg","type":"image\/jpeg"}],"author":"Mira","twitter_card":"summary_large_image","twitter_misc":{"Napisao\/la":"Mira","Procijenjeno vrijeme \u010ditanja":"1 minuta"},"schema":{"@context":"https:\/\/schema.org","@graph":[{"@type":"WebPage","@id":"https:\/\/cmcfestival.com.hr\/?p=10251","url":"https:\/\/cmcfestival.com.hr\/?p=10251","name":"Meri Andrakovi\u0107 dolazi s \"Dramom\" u Vodice - CMC festival Vodice","isPartOf":{"@id":"https:\/\/cmcfestival.com.hr\/#website"},"primaryImageOfPage":{"@id":"https:\/\/cmcfestival.com.hr\/?p=10251#primaryimage"},"image":{"@id":"https:\/\/cmcfestival.com.hr\/?p=10251#primaryimage"},"thumbnailUrl":"https:\/\/cmcfestival.com.hr\/wp-content\/uploads\/2023\/06\/meri-andrakovic-cmc-festival--scaled.jpg","datePublished":"2023-06-09T06:43:55+00:00","dateModified":"2023-06-12T11:16:43+00:00","author":{"@id":"https:\/\/cmcfestival.com.hr\/#\/schema\/person\/122abe4a5c6c91d71bd88d02bd7c6bef"},"breadcrumb":{"@id":"https:\/\/cmcfestival.com.hr\/?p=10251#breadcrumb"},"inLanguage":"hr","potentialAction":[{"@type":"ReadAction","target":["https:\/\/cmcfestival.com.hr\/?p=10251"]}]},{"@type":"ImageObject","inLanguage":"hr","@id":"https:\/\/cmcfestival.com.hr\/?p=10251#primaryimage","url":"https:\/\/cmcfestival.com.hr\/wp-content\/uploads\/2023\/06\/meri-andrakovic-cmc-festival--scaled.jpg","contentUrl":"https:\/\/cmcfestival.com.hr\/wp-content\/uploads\/2023\/06\/meri-andrakovic-cmc-festival--scaled.jpg","width":2560,"height":1707},{"@type":"BreadcrumbList","@id":"https:\/\/cmcfestival.com.hr\/?p=10251#breadcrumb","itemListElement":[{"@type":"ListItem","position":1,"name":"Po\u010detna stranica","item":"https:\/\/cmcfestival.com.hr\/"},{"@type":"ListItem","position":2,"name":"Meri Andrakovi\u0107 dolazi s &#8220;Dramom&#8221; u Vodice"}]},{"@type":"WebSite","@id":"https:\/\/cmcfestival.com.hr\/#website","url":"https:\/\/cmcfestival.com.hr\/","name":"CMC festival Vodice","description":"2026","potentialAction":[{"@type":"SearchAction","target":{"@type":"EntryPoint","urlTemplate":"https:\/\/cmcfestival.com.hr\/?s={search_term_string}"},"query-input":{"@type":"PropertyValueSpecification","valueRequired":true,"valueName":"search_term_string"}}],"inLanguage":"hr"},{"@type":"Person","@id":"https:\/\/cmcfestival.com.hr\/#\/schema\/person\/122abe4a5c6c91d71bd88d02bd7c6bef","name":"Mira","url":"https:\/\/cmcfestival.com.hr\/?author=4"}]}},"jetpack_featured_media_url":"https:\/\/cmcfestival.com.hr\/wp-content\/uploads\/2023\/06\/meri-andrakovic-cmc-festival--scaled.jpg","jetpack_sharing_enabled":true,"_links":{"self":[{"href":"https:\/\/cmcfestival.com.hr\/index.php?rest_route=\/wp\/v2\/posts\/10251","targetHints":{"allow":["GET"]}}],"collection":[{"href":"https:\/\/cmcfestival.com.hr\/index.php?rest_route=\/wp\/v2\/posts"}],"about":[{"href":"https:\/\/cmcfestival.com.hr\/index.php?rest_route=\/wp\/v2\/types\/post"}],"author":[{"embeddable":true,"href":"https:\/\/cmcfestival.com.hr\/index.php?rest_route=\/wp\/v2\/users\/4"}],"replies":[{"embeddable":true,"href":"https:\/\/cmcfestival.com.hr\/index.php?rest_route=%2Fwp%2Fv2%2Fcomments&post=10251"}],"version-history":[{"count":1,"href":"https:\/\/cmcfestival.com.hr\/index.php?rest_route=\/wp\/v2\/posts\/10251\/revisions"}],"predecessor-version":[{"id":10253,"href":"https:\/\/cmcfestival.com.hr\/index.php?rest_route=\/wp\/v2\/posts\/10251\/revisions\/10253"}],"wp:featuredmedia":[{"embeddable":true,"href":"https:\/\/cmcfestival.com.hr\/index.php?rest_route=\/wp\/v2\/media\/10252"}],"wp:attachment":[{"href":"https:\/\/cmcfestival.com.hr\/index.php?rest_route=%2Fwp%2Fv2%2Fmedia&parent=10251"}],"wp:term":[{"taxonomy":"category","embeddable":true,"href":"https:\/\/cmcfestival.com.hr\/index.php?rest_route=%2Fwp%2Fv2%2Fcategories&post=10251"},{"taxonomy":"post_tag","embeddable":true,"href":"https:\/\/cmcfestival.com.hr\/index.php?rest_route=%2Fwp%2Fv2%2Ftags&post=10251"}],"curies":[{"name":"wp","href":"https:\/\/api.w.org\/{rel}","templated":true}]}}