{"id":10392,"date":"2024-04-25T12:54:17","date_gmt":"2024-04-25T11:54:17","guid":{"rendered":"https:\/\/cmcfestival.com.hr\/?p=10392"},"modified":"2024-04-25T12:54:17","modified_gmt":"2024-04-25T11:54:17","slug":"buryana-ce-zagrijati-festivalsku-atmosferu-pjesmom-slovenka","status":"publish","type":"post","link":"https:\/\/cmcfestival.com.hr\/?p=10392","title":{"rendered":"Buryana \u0107e zagrijati festivalsku atmosferu pjesmom &#8220;Slovenka&#8221;"},"content":{"rendered":"<p><strong>Buryani se 15. CMC festival\u00a0urezao u pam\u0107enje pa se ove godine odlu\u010dila vratiti Vodicama.<\/strong><\/p>\n<p><!--more--><br \/>\n<strong>Buryani se 15. CMC festival\u00a0urezao u pam\u0107enje pa se ove godine odlu\u010dila vratiti Vodicama. <\/strong><\/p>\n<p>Na pozornicu \u0107e ovaj put stati sama, za razliku od pro\u0161le godine kada je s<strong> Lidijom Ba\u010di\u0107 Lille<\/strong> izvela ljetni singl <strong>&#8220;Ratata&#8221;<\/strong>.<\/p>\n<p><em>&#8220;Bio je to lijep osje\u0107aj, prvi sam put stupila\u00a0na takvu pozornicu\u00a0u Hrvatskoj.\u00a0Kad sam stala pred publiku s\u00a0Lille &#8211;\u00a0to\u00a0\u0107u ba\u0161 pamtiti\u00a0do kraja \u017eivota&#8221;<\/em>, <strong>rekla je Buryana<\/strong>.<\/p>\n<p>Buryana \u0107e ove\u00a0godine\u00a0izvesti pjesmu <strong>&#8220;Slovenka&#8221;<\/strong>.\u00a0Tekst potpisuje poznati hrvatski autor <strong>Fayo <\/strong>dok je za glazbu zaslu\u017ean poznati pjeva\u010d i autor <strong>Amir Kazi\u0107 Leo<\/strong>. Aran\u017eman i master napravio je <strong>Toni \u010cosi\u0107.\u00a0<\/strong><\/p>\n<p>Ovaj singl\u00a0krasi\u00a0jaka nacionalna nota te ljetni ritmovi.\u00a0Videospot je snimljen u idili\u010dnom Bohinju u Sloveniji, a kao videoproducent potpisuje se poznati slovenski producent <strong>Jani Pavec<\/strong>. Spot, kao i tekst, \u017eeli prikazati Buryanu kao ponosnu Slovenku.<\/p>\n<p>Na slovenskoj glazbenoj sceni prisutna je od 2019. godine,\u00a0najpoznatija je po\u00a0pjesmama\u00a0&#8220;Vino slatko&#8221;, &#8220;Vidi se&#8221;, &#8220;Pijana no\u010d&#8221;, &#8220;Ajde mali vozi&#8221;, &#8220;Moje punce&#8221;, &#8220;Minimalno&#8221; i &#8220;Brez tebe&#8221;.<\/p>\n<p><iframe loading=\"lazy\" title=\"BURYANA \u2013 SLOVENKA | Official Video | New Release 2024\" src=\"https:\/\/www.youtube.com\/embed\/FuUoMihwFkI\" width=\"1280\" height=\"720\" frameborder=\"0\" allowfullscreen=\"allowfullscreen\"><\/iframe><\/p>\n","protected":false},"excerpt":{"rendered":"<p>Buryani se 15. CMC festival\u00a0urezao u pam\u0107enje pa se ove godine odlu\u010dila vratiti Vodicama.<\/p>\n","protected":false},"author":5,"featured_media":10393,"comment_status":"closed","ping_status":"closed","sticky":false,"template":"","format":"standard","meta":{"_jetpack_memberships_contains_paid_content":false,"footnotes":""},"categories":[60],"tags":[403,332,411],"class_list":["post-10392","post","type-post","status-publish","format-standard","has-post-thumbnail","hentry","category-vijesti","tag-403","tag-buryana","tag-slovenka"],"yoast_head":"<!-- This site is optimized with the Yoast SEO plugin v24.2 - https:\/\/yoast.com\/wordpress\/plugins\/seo\/ -->\n<title>Buryana \u0107e zagrijati festivalsku atmosferu pjesmom &quot;Slovenka&quot; - CMC festival Vodice<\/title>\n<meta name=\"robots\" content=\"index, follow, max-snippet:-1, max-image-preview:large, max-video-preview:-1\" \/>\n<link rel=\"canonical\" href=\"https:\/\/cmcfestival.com.hr\/?p=10392\" \/>\n<meta property=\"og:locale\" content=\"hr_HR\" \/>\n<meta property=\"og:type\" content=\"article\" \/>\n<meta property=\"og:title\" content=\"Buryana \u0107e zagrijati festivalsku atmosferu pjesmom &quot;Slovenka&quot; - CMC festival Vodice\" \/>\n<meta property=\"og:description\" content=\"Buryani se 15. CMC festival\u00a0urezao u pam\u0107enje pa se ove godine odlu\u010dila vratiti Vodicama.\" \/>\n<meta property=\"og:url\" content=\"https:\/\/cmcfestival.com.hr\/?p=10392\" \/>\n<meta property=\"og:site_name\" content=\"CMC festival Vodice\" \/>\n<meta property=\"article:published_time\" content=\"2024-04-25T11:54:17+00:00\" \/>\n<meta property=\"og:image\" content=\"https:\/\/cmcfestival.com.hr\/wp-content\/uploads\/2024\/04\/Buryana-Vodice.png\" \/>\n\t<meta property=\"og:image:width\" content=\"1280\" \/>\n\t<meta property=\"og:image:height\" content=\"720\" \/>\n\t<meta property=\"og:image:type\" content=\"image\/png\" \/>\n<meta name=\"author\" content=\"Dora Skare\" \/>\n<meta name=\"twitter:card\" content=\"summary_large_image\" \/>\n<meta name=\"twitter:label1\" content=\"Napisao\/la\" \/>\n\t<meta name=\"twitter:data1\" content=\"Dora Skare\" \/>\n\t<meta name=\"twitter:label2\" content=\"Procijenjeno vrijeme \u010ditanja\" \/>\n\t<meta name=\"twitter:data2\" content=\"2 minute\" \/>\n<script type=\"application\/ld+json\" class=\"yoast-schema-graph\">{\"@context\":\"https:\/\/schema.org\",\"@graph\":[{\"@type\":\"WebPage\",\"@id\":\"https:\/\/cmcfestival.com.hr\/?p=10392\",\"url\":\"https:\/\/cmcfestival.com.hr\/?p=10392\",\"name\":\"Buryana \u0107e zagrijati festivalsku atmosferu pjesmom \\\"Slovenka\\\" - CMC festival Vodice\",\"isPartOf\":{\"@id\":\"https:\/\/cmcfestival.com.hr\/#website\"},\"primaryImageOfPage\":{\"@id\":\"https:\/\/cmcfestival.com.hr\/?p=10392#primaryimage\"},\"image\":{\"@id\":\"https:\/\/cmcfestival.com.hr\/?p=10392#primaryimage\"},\"thumbnailUrl\":\"https:\/\/cmcfestival.com.hr\/wp-content\/uploads\/2024\/04\/Buryana-Vodice.png\",\"datePublished\":\"2024-04-25T11:54:17+00:00\",\"dateModified\":\"2024-04-25T11:54:17+00:00\",\"author\":{\"@id\":\"https:\/\/cmcfestival.com.hr\/#\/schema\/person\/d47ca425a09a61ff5e7630c97a1686c0\"},\"breadcrumb\":{\"@id\":\"https:\/\/cmcfestival.com.hr\/?p=10392#breadcrumb\"},\"inLanguage\":\"hr\",\"potentialAction\":[{\"@type\":\"ReadAction\",\"target\":[\"https:\/\/cmcfestival.com.hr\/?p=10392\"]}]},{\"@type\":\"ImageObject\",\"inLanguage\":\"hr\",\"@id\":\"https:\/\/cmcfestival.com.hr\/?p=10392#primaryimage\",\"url\":\"https:\/\/cmcfestival.com.hr\/wp-content\/uploads\/2024\/04\/Buryana-Vodice.png\",\"contentUrl\":\"https:\/\/cmcfestival.com.hr\/wp-content\/uploads\/2024\/04\/Buryana-Vodice.png\",\"width\":1280,\"height\":720},{\"@type\":\"BreadcrumbList\",\"@id\":\"https:\/\/cmcfestival.com.hr\/?p=10392#breadcrumb\",\"itemListElement\":[{\"@type\":\"ListItem\",\"position\":1,\"name\":\"Po\u010detna stranica\",\"item\":\"https:\/\/cmcfestival.com.hr\/\"},{\"@type\":\"ListItem\",\"position\":2,\"name\":\"Buryana \u0107e zagrijati festivalsku atmosferu pjesmom &#8220;Slovenka&#8221;\"}]},{\"@type\":\"WebSite\",\"@id\":\"https:\/\/cmcfestival.com.hr\/#website\",\"url\":\"https:\/\/cmcfestival.com.hr\/\",\"name\":\"CMC festival Vodice\",\"description\":\"2026\",\"potentialAction\":[{\"@type\":\"SearchAction\",\"target\":{\"@type\":\"EntryPoint\",\"urlTemplate\":\"https:\/\/cmcfestival.com.hr\/?s={search_term_string}\"},\"query-input\":{\"@type\":\"PropertyValueSpecification\",\"valueRequired\":true,\"valueName\":\"search_term_string\"}}],\"inLanguage\":\"hr\"},{\"@type\":\"Person\",\"@id\":\"https:\/\/cmcfestival.com.hr\/#\/schema\/person\/d47ca425a09a61ff5e7630c97a1686c0\",\"name\":\"Dora Skare\",\"url\":\"https:\/\/cmcfestival.com.hr\/?author=5\"}]}<\/script>\n<!-- \/ Yoast SEO plugin. -->","yoast_head_json":{"title":"Buryana \u0107e zagrijati festivalsku atmosferu pjesmom \"Slovenka\" - CMC festival Vodice","robots":{"index":"index","follow":"follow","max-snippet":"max-snippet:-1","max-image-preview":"max-image-preview:large","max-video-preview":"max-video-preview:-1"},"canonical":"https:\/\/cmcfestival.com.hr\/?p=10392","og_locale":"hr_HR","og_type":"article","og_title":"Buryana \u0107e zagrijati festivalsku atmosferu pjesmom \"Slovenka\" - CMC festival Vodice","og_description":"Buryani se 15. CMC festival\u00a0urezao u pam\u0107enje pa se ove godine odlu\u010dila vratiti Vodicama.","og_url":"https:\/\/cmcfestival.com.hr\/?p=10392","og_site_name":"CMC festival Vodice","article_published_time":"2024-04-25T11:54:17+00:00","og_image":[{"width":1280,"height":720,"url":"https:\/\/cmcfestival.com.hr\/wp-content\/uploads\/2024\/04\/Buryana-Vodice.png","type":"image\/png"}],"author":"Dora Skare","twitter_card":"summary_large_image","twitter_misc":{"Napisao\/la":"Dora Skare","Procijenjeno vrijeme \u010ditanja":"2 minute"},"schema":{"@context":"https:\/\/schema.org","@graph":[{"@type":"WebPage","@id":"https:\/\/cmcfestival.com.hr\/?p=10392","url":"https:\/\/cmcfestival.com.hr\/?p=10392","name":"Buryana \u0107e zagrijati festivalsku atmosferu pjesmom \"Slovenka\" - CMC festival Vodice","isPartOf":{"@id":"https:\/\/cmcfestival.com.hr\/#website"},"primaryImageOfPage":{"@id":"https:\/\/cmcfestival.com.hr\/?p=10392#primaryimage"},"image":{"@id":"https:\/\/cmcfestival.com.hr\/?p=10392#primaryimage"},"thumbnailUrl":"https:\/\/cmcfestival.com.hr\/wp-content\/uploads\/2024\/04\/Buryana-Vodice.png","datePublished":"2024-04-25T11:54:17+00:00","dateModified":"2024-04-25T11:54:17+00:00","author":{"@id":"https:\/\/cmcfestival.com.hr\/#\/schema\/person\/d47ca425a09a61ff5e7630c97a1686c0"},"breadcrumb":{"@id":"https:\/\/cmcfestival.com.hr\/?p=10392#breadcrumb"},"inLanguage":"hr","potentialAction":[{"@type":"ReadAction","target":["https:\/\/cmcfestival.com.hr\/?p=10392"]}]},{"@type":"ImageObject","inLanguage":"hr","@id":"https:\/\/cmcfestival.com.hr\/?p=10392#primaryimage","url":"https:\/\/cmcfestival.com.hr\/wp-content\/uploads\/2024\/04\/Buryana-Vodice.png","contentUrl":"https:\/\/cmcfestival.com.hr\/wp-content\/uploads\/2024\/04\/Buryana-Vodice.png","width":1280,"height":720},{"@type":"BreadcrumbList","@id":"https:\/\/cmcfestival.com.hr\/?p=10392#breadcrumb","itemListElement":[{"@type":"ListItem","position":1,"name":"Po\u010detna stranica","item":"https:\/\/cmcfestival.com.hr\/"},{"@type":"ListItem","position":2,"name":"Buryana \u0107e zagrijati festivalsku atmosferu pjesmom &#8220;Slovenka&#8221;"}]},{"@type":"WebSite","@id":"https:\/\/cmcfestival.com.hr\/#website","url":"https:\/\/cmcfestival.com.hr\/","name":"CMC festival Vodice","description":"2026","potentialAction":[{"@type":"SearchAction","target":{"@type":"EntryPoint","urlTemplate":"https:\/\/cmcfestival.com.hr\/?s={search_term_string}"},"query-input":{"@type":"PropertyValueSpecification","valueRequired":true,"valueName":"search_term_string"}}],"inLanguage":"hr"},{"@type":"Person","@id":"https:\/\/cmcfestival.com.hr\/#\/schema\/person\/d47ca425a09a61ff5e7630c97a1686c0","name":"Dora Skare","url":"https:\/\/cmcfestival.com.hr\/?author=5"}]}},"jetpack_featured_media_url":"https:\/\/cmcfestival.com.hr\/wp-content\/uploads\/2024\/04\/Buryana-Vodice.png","jetpack_sharing_enabled":true,"_links":{"self":[{"href":"https:\/\/cmcfestival.com.hr\/index.php?rest_route=\/wp\/v2\/posts\/10392","targetHints":{"allow":["GET"]}}],"collection":[{"href":"https:\/\/cmcfestival.com.hr\/index.php?rest_route=\/wp\/v2\/posts"}],"about":[{"href":"https:\/\/cmcfestival.com.hr\/index.php?rest_route=\/wp\/v2\/types\/post"}],"author":[{"embeddable":true,"href":"https:\/\/cmcfestival.com.hr\/index.php?rest_route=\/wp\/v2\/users\/5"}],"replies":[{"embeddable":true,"href":"https:\/\/cmcfestival.com.hr\/index.php?rest_route=%2Fwp%2Fv2%2Fcomments&post=10392"}],"version-history":[{"count":1,"href":"https:\/\/cmcfestival.com.hr\/index.php?rest_route=\/wp\/v2\/posts\/10392\/revisions"}],"predecessor-version":[{"id":10394,"href":"https:\/\/cmcfestival.com.hr\/index.php?rest_route=\/wp\/v2\/posts\/10392\/revisions\/10394"}],"wp:featuredmedia":[{"embeddable":true,"href":"https:\/\/cmcfestival.com.hr\/index.php?rest_route=\/wp\/v2\/media\/10393"}],"wp:attachment":[{"href":"https:\/\/cmcfestival.com.hr\/index.php?rest_route=%2Fwp%2Fv2%2Fmedia&parent=10392"}],"wp:term":[{"taxonomy":"category","embeddable":true,"href":"https:\/\/cmcfestival.com.hr\/index.php?rest_route=%2Fwp%2Fv2%2Fcategories&post=10392"},{"taxonomy":"post_tag","embeddable":true,"href":"https:\/\/cmcfestival.com.hr\/index.php?rest_route=%2Fwp%2Fv2%2Ftags&post=10392"}],"curies":[{"name":"wp","href":"https:\/\/api.w.org\/{rel}","templated":true}]}}