{"id":10432,"date":"2024-05-09T15:15:39","date_gmt":"2024-05-09T14:15:39","guid":{"rendered":"https:\/\/cmcfestival.com.hr\/?p=10432"},"modified":"2024-05-09T15:15:39","modified_gmt":"2024-05-09T14:15:39","slug":"supergood-darko-domijan-ni-ove-godine-nece-preskociti-cmc-festival","status":"publish","type":"post","link":"https:\/\/cmcfestival.com.hr\/?p=10432","title":{"rendered":"&#8220;Supergood&#8221; Darko Domijan ni ove godine ne\u0107e presko\u010diti CMC festival"},"content":{"rendered":"<p><strong>&#8220;Supergood&#8221;\u00a0ne\u0107e biti samo atmosfera u Vodicama nego i pjesma koju \u0107e izvesti Darko Domijan. <\/strong><\/p>\n<p>Ovaj poznati pjeva\u010d zabavne glazbe jedva \u010deka stati na jednu od najpoznatijih ljetnih pozornica. Autor glazbe je <strong>Darko Domijan<\/strong>, tekst potpisuje\u00a0<strong>\u017deljko Krznari\u0107<\/strong>, a za aran\u017eman je zaslu\u017ean <strong>Branko Glavan<\/strong>.<\/p>\n<p><em>&#8220;Napravili smo tu pjesmu koja je retro funky. Dosta zanimljivo zato jer se ja jo\u0161 nisam pojavljivao u tom stilu, ali mislim da \u0107e to bit zgodno pogotovo u tom ambijentu u\u00a0Vodicama, na rivi, na otvorenom&#8221;<\/em>, <strong>rekao je Darko Domijan<\/strong>.<\/p>\n<p>Raduje ga ponovni susret s vodi\u010dkom publikoma, a kako su mu u lijepom sje\u0107anju ostali atmosfera i dobro dru\u0161tvo,\u00a0i ove godine Vodice su za njega nezaobilazna ljetna postaja.<\/p>\n<p>Naslovna Fotografija: <em>Foto: Marina Pe\u0161i\u0107<\/em><\/p>\n","protected":false},"excerpt":{"rendered":"<p>&#8220;Supergood&#8221;\u00a0ne\u0107e biti samo atmosfera u Vodicama nego i pjesma koju \u0107e izvesti Darko Domijan. Ovaj poznati pjeva\u010d zabavne glazbe jedva \u010deka stati na jednu od najpoznatijih ljetnih pozornica. Autor glazbe je Darko Domijan, tekst potpisuje\u00a0\u017deljko Krznari\u0107, a za aran\u017eman je zaslu\u017ean Branko Glavan. &#8220;Napravili smo&#8230;<\/p>\n","protected":false},"author":5,"featured_media":10433,"comment_status":"closed","ping_status":"closed","sticky":false,"template":"","format":"standard","meta":{"_jetpack_memberships_contains_paid_content":false,"footnotes":""},"categories":[60],"tags":[403,237],"class_list":["post-10432","post","type-post","status-publish","format-standard","has-post-thumbnail","hentry","category-vijesti","tag-403","tag-darko-domijan"],"yoast_head":"<!-- This site is optimized with the Yoast SEO plugin v24.2 - https:\/\/yoast.com\/wordpress\/plugins\/seo\/ -->\n<title>&quot;Supergood&quot; Darko Domijan ni ove godine ne\u0107e presko\u010diti CMC festival - CMC festival Vodice<\/title>\n<meta name=\"robots\" content=\"index, follow, max-snippet:-1, max-image-preview:large, max-video-preview:-1\" \/>\n<link rel=\"canonical\" href=\"https:\/\/cmcfestival.com.hr\/?p=10432\" \/>\n<meta property=\"og:locale\" content=\"hr_HR\" \/>\n<meta property=\"og:type\" content=\"article\" \/>\n<meta property=\"og:title\" content=\"&quot;Supergood&quot; Darko Domijan ni ove godine ne\u0107e presko\u010diti CMC festival - CMC festival Vodice\" \/>\n<meta property=\"og:description\" content=\"&#8220;Supergood&#8221;\u00a0ne\u0107e biti samo atmosfera u Vodicama nego i pjesma koju \u0107e izvesti Darko Domijan. Ovaj poznati pjeva\u010d zabavne glazbe jedva \u010deka stati na jednu od najpoznatijih ljetnih pozornica. Autor glazbe je Darko Domijan, tekst potpisuje\u00a0\u017deljko Krznari\u0107, a za aran\u017eman je zaslu\u017ean Branko Glavan. &#8220;Napravili smo...\" \/>\n<meta property=\"og:url\" content=\"https:\/\/cmcfestival.com.hr\/?p=10432\" \/>\n<meta property=\"og:site_name\" content=\"CMC festival Vodice\" \/>\n<meta property=\"article:published_time\" content=\"2024-05-09T14:15:39+00:00\" \/>\n<meta property=\"og:image\" content=\"https:\/\/cmcfestival.com.hr\/wp-content\/uploads\/2024\/05\/Domijan-Vodice-scaled.jpg\" \/>\n\t<meta property=\"og:image:width\" content=\"2560\" \/>\n\t<meta property=\"og:image:height\" content=\"1705\" \/>\n\t<meta property=\"og:image:type\" content=\"image\/jpeg\" \/>\n<meta name=\"author\" content=\"Dora Skare\" \/>\n<meta name=\"twitter:card\" content=\"summary_large_image\" \/>\n<meta name=\"twitter:label1\" content=\"Napisao\/la\" \/>\n\t<meta name=\"twitter:data1\" content=\"Dora Skare\" \/>\n\t<meta name=\"twitter:label2\" content=\"Procijenjeno vrijeme \u010ditanja\" \/>\n\t<meta name=\"twitter:data2\" content=\"1 minuta\" \/>\n<script type=\"application\/ld+json\" class=\"yoast-schema-graph\">{\"@context\":\"https:\/\/schema.org\",\"@graph\":[{\"@type\":\"WebPage\",\"@id\":\"https:\/\/cmcfestival.com.hr\/?p=10432\",\"url\":\"https:\/\/cmcfestival.com.hr\/?p=10432\",\"name\":\"\\\"Supergood\\\" Darko Domijan ni ove godine ne\u0107e presko\u010diti CMC festival - CMC festival Vodice\",\"isPartOf\":{\"@id\":\"https:\/\/cmcfestival.com.hr\/#website\"},\"primaryImageOfPage\":{\"@id\":\"https:\/\/cmcfestival.com.hr\/?p=10432#primaryimage\"},\"image\":{\"@id\":\"https:\/\/cmcfestival.com.hr\/?p=10432#primaryimage\"},\"thumbnailUrl\":\"https:\/\/cmcfestival.com.hr\/wp-content\/uploads\/2024\/05\/Domijan-Vodice-scaled.jpg\",\"datePublished\":\"2024-05-09T14:15:39+00:00\",\"dateModified\":\"2024-05-09T14:15:39+00:00\",\"author\":{\"@id\":\"https:\/\/cmcfestival.com.hr\/#\/schema\/person\/d47ca425a09a61ff5e7630c97a1686c0\"},\"breadcrumb\":{\"@id\":\"https:\/\/cmcfestival.com.hr\/?p=10432#breadcrumb\"},\"inLanguage\":\"hr\",\"potentialAction\":[{\"@type\":\"ReadAction\",\"target\":[\"https:\/\/cmcfestival.com.hr\/?p=10432\"]}]},{\"@type\":\"ImageObject\",\"inLanguage\":\"hr\",\"@id\":\"https:\/\/cmcfestival.com.hr\/?p=10432#primaryimage\",\"url\":\"https:\/\/cmcfestival.com.hr\/wp-content\/uploads\/2024\/05\/Domijan-Vodice-scaled.jpg\",\"contentUrl\":\"https:\/\/cmcfestival.com.hr\/wp-content\/uploads\/2024\/05\/Domijan-Vodice-scaled.jpg\",\"width\":2560,\"height\":1705},{\"@type\":\"BreadcrumbList\",\"@id\":\"https:\/\/cmcfestival.com.hr\/?p=10432#breadcrumb\",\"itemListElement\":[{\"@type\":\"ListItem\",\"position\":1,\"name\":\"Po\u010detna stranica\",\"item\":\"https:\/\/cmcfestival.com.hr\/\"},{\"@type\":\"ListItem\",\"position\":2,\"name\":\"&#8220;Supergood&#8221; Darko Domijan ni ove godine ne\u0107e presko\u010diti CMC festival\"}]},{\"@type\":\"WebSite\",\"@id\":\"https:\/\/cmcfestival.com.hr\/#website\",\"url\":\"https:\/\/cmcfestival.com.hr\/\",\"name\":\"CMC festival Vodice\",\"description\":\"2026\",\"potentialAction\":[{\"@type\":\"SearchAction\",\"target\":{\"@type\":\"EntryPoint\",\"urlTemplate\":\"https:\/\/cmcfestival.com.hr\/?s={search_term_string}\"},\"query-input\":{\"@type\":\"PropertyValueSpecification\",\"valueRequired\":true,\"valueName\":\"search_term_string\"}}],\"inLanguage\":\"hr\"},{\"@type\":\"Person\",\"@id\":\"https:\/\/cmcfestival.com.hr\/#\/schema\/person\/d47ca425a09a61ff5e7630c97a1686c0\",\"name\":\"Dora Skare\",\"url\":\"https:\/\/cmcfestival.com.hr\/?author=5\"}]}<\/script>\n<!-- \/ Yoast SEO plugin. -->","yoast_head_json":{"title":"\"Supergood\" Darko Domijan ni ove godine ne\u0107e presko\u010diti CMC festival - CMC festival Vodice","robots":{"index":"index","follow":"follow","max-snippet":"max-snippet:-1","max-image-preview":"max-image-preview:large","max-video-preview":"max-video-preview:-1"},"canonical":"https:\/\/cmcfestival.com.hr\/?p=10432","og_locale":"hr_HR","og_type":"article","og_title":"\"Supergood\" Darko Domijan ni ove godine ne\u0107e presko\u010diti CMC festival - CMC festival Vodice","og_description":"&#8220;Supergood&#8221;\u00a0ne\u0107e biti samo atmosfera u Vodicama nego i pjesma koju \u0107e izvesti Darko Domijan. Ovaj poznati pjeva\u010d zabavne glazbe jedva \u010deka stati na jednu od najpoznatijih ljetnih pozornica. Autor glazbe je Darko Domijan, tekst potpisuje\u00a0\u017deljko Krznari\u0107, a za aran\u017eman je zaslu\u017ean Branko Glavan. &#8220;Napravili smo...","og_url":"https:\/\/cmcfestival.com.hr\/?p=10432","og_site_name":"CMC festival Vodice","article_published_time":"2024-05-09T14:15:39+00:00","og_image":[{"width":2560,"height":1705,"url":"https:\/\/cmcfestival.com.hr\/wp-content\/uploads\/2024\/05\/Domijan-Vodice-scaled.jpg","type":"image\/jpeg"}],"author":"Dora Skare","twitter_card":"summary_large_image","twitter_misc":{"Napisao\/la":"Dora Skare","Procijenjeno vrijeme \u010ditanja":"1 minuta"},"schema":{"@context":"https:\/\/schema.org","@graph":[{"@type":"WebPage","@id":"https:\/\/cmcfestival.com.hr\/?p=10432","url":"https:\/\/cmcfestival.com.hr\/?p=10432","name":"\"Supergood\" Darko Domijan ni ove godine ne\u0107e presko\u010diti CMC festival - CMC festival Vodice","isPartOf":{"@id":"https:\/\/cmcfestival.com.hr\/#website"},"primaryImageOfPage":{"@id":"https:\/\/cmcfestival.com.hr\/?p=10432#primaryimage"},"image":{"@id":"https:\/\/cmcfestival.com.hr\/?p=10432#primaryimage"},"thumbnailUrl":"https:\/\/cmcfestival.com.hr\/wp-content\/uploads\/2024\/05\/Domijan-Vodice-scaled.jpg","datePublished":"2024-05-09T14:15:39+00:00","dateModified":"2024-05-09T14:15:39+00:00","author":{"@id":"https:\/\/cmcfestival.com.hr\/#\/schema\/person\/d47ca425a09a61ff5e7630c97a1686c0"},"breadcrumb":{"@id":"https:\/\/cmcfestival.com.hr\/?p=10432#breadcrumb"},"inLanguage":"hr","potentialAction":[{"@type":"ReadAction","target":["https:\/\/cmcfestival.com.hr\/?p=10432"]}]},{"@type":"ImageObject","inLanguage":"hr","@id":"https:\/\/cmcfestival.com.hr\/?p=10432#primaryimage","url":"https:\/\/cmcfestival.com.hr\/wp-content\/uploads\/2024\/05\/Domijan-Vodice-scaled.jpg","contentUrl":"https:\/\/cmcfestival.com.hr\/wp-content\/uploads\/2024\/05\/Domijan-Vodice-scaled.jpg","width":2560,"height":1705},{"@type":"BreadcrumbList","@id":"https:\/\/cmcfestival.com.hr\/?p=10432#breadcrumb","itemListElement":[{"@type":"ListItem","position":1,"name":"Po\u010detna stranica","item":"https:\/\/cmcfestival.com.hr\/"},{"@type":"ListItem","position":2,"name":"&#8220;Supergood&#8221; Darko Domijan ni ove godine ne\u0107e presko\u010diti CMC festival"}]},{"@type":"WebSite","@id":"https:\/\/cmcfestival.com.hr\/#website","url":"https:\/\/cmcfestival.com.hr\/","name":"CMC festival Vodice","description":"2026","potentialAction":[{"@type":"SearchAction","target":{"@type":"EntryPoint","urlTemplate":"https:\/\/cmcfestival.com.hr\/?s={search_term_string}"},"query-input":{"@type":"PropertyValueSpecification","valueRequired":true,"valueName":"search_term_string"}}],"inLanguage":"hr"},{"@type":"Person","@id":"https:\/\/cmcfestival.com.hr\/#\/schema\/person\/d47ca425a09a61ff5e7630c97a1686c0","name":"Dora Skare","url":"https:\/\/cmcfestival.com.hr\/?author=5"}]}},"jetpack_featured_media_url":"https:\/\/cmcfestival.com.hr\/wp-content\/uploads\/2024\/05\/Domijan-Vodice-scaled.jpg","jetpack_sharing_enabled":true,"_links":{"self":[{"href":"https:\/\/cmcfestival.com.hr\/index.php?rest_route=\/wp\/v2\/posts\/10432","targetHints":{"allow":["GET"]}}],"collection":[{"href":"https:\/\/cmcfestival.com.hr\/index.php?rest_route=\/wp\/v2\/posts"}],"about":[{"href":"https:\/\/cmcfestival.com.hr\/index.php?rest_route=\/wp\/v2\/types\/post"}],"author":[{"embeddable":true,"href":"https:\/\/cmcfestival.com.hr\/index.php?rest_route=\/wp\/v2\/users\/5"}],"replies":[{"embeddable":true,"href":"https:\/\/cmcfestival.com.hr\/index.php?rest_route=%2Fwp%2Fv2%2Fcomments&post=10432"}],"version-history":[{"count":1,"href":"https:\/\/cmcfestival.com.hr\/index.php?rest_route=\/wp\/v2\/posts\/10432\/revisions"}],"predecessor-version":[{"id":10434,"href":"https:\/\/cmcfestival.com.hr\/index.php?rest_route=\/wp\/v2\/posts\/10432\/revisions\/10434"}],"wp:featuredmedia":[{"embeddable":true,"href":"https:\/\/cmcfestival.com.hr\/index.php?rest_route=\/wp\/v2\/media\/10433"}],"wp:attachment":[{"href":"https:\/\/cmcfestival.com.hr\/index.php?rest_route=%2Fwp%2Fv2%2Fmedia&parent=10432"}],"wp:term":[{"taxonomy":"category","embeddable":true,"href":"https:\/\/cmcfestival.com.hr\/index.php?rest_route=%2Fwp%2Fv2%2Fcategories&post=10432"},{"taxonomy":"post_tag","embeddable":true,"href":"https:\/\/cmcfestival.com.hr\/index.php?rest_route=%2Fwp%2Fv2%2Ftags&post=10432"}],"curies":[{"name":"wp","href":"https:\/\/api.w.org\/{rel}","templated":true}]}}