{"id":10486,"date":"2024-05-23T16:00:29","date_gmt":"2024-05-23T15:00:29","guid":{"rendered":"https:\/\/cmcfestival.com.hr\/?p=10486"},"modified":"2024-05-23T15:02:22","modified_gmt":"2024-05-23T14:02:22","slug":"mile-perkov-se-vraca-i-ove-godine-u-vodice-razveselit-ce-publiku-saljivom-pjesmom-a-di-nam-je-kapetan","status":"publish","type":"post","link":"https:\/\/cmcfestival.com.hr\/?p=10486","title":{"rendered":"Mile Perkov se vra\u0107a i ove godine u Vodice, razveselit \u0107e publiku \u0161aljivom pjesmom &#8220;A di nam je kapetan?&#8221;"},"content":{"rendered":"<p><strong>Mile Perkov u Vodicama je na doma\u0107em terenu, a ove godine udru\u017eio je snage s grupom Kontrast i snimio \u0161aljivu pjesmu &#8220;A di nam je kapetan?&#8221;. <\/strong><\/p>\n<p>Publika \u0107e drugog vikenda u lipnju s njima otploviti na zanimljivu avanturu mirnim vodi\u010dkim morem.<\/p>\n<p><em>&#8220;Ove godine smo spremili jednu veselu pjesmu o kapetanima i mornarima, a nastupam s dragom ekipom, grupom Kontrast. Napravili smo jednu ljetnu zafrkanciju koja\u00a0\u0107e valjati i zimi&#8221;<\/em>, <strong>rekao je Mile Perkov<\/strong>.<\/p>\n<p>Svojim kreativnim nastupima iz godine u godinu uspijeva iznenaditi publiku. Najzabavniji glas \u0161ibenskog kraja i ove godine priprema spektakl na vodi\u010dkoj pozornici.<\/p>\n<p><em>&#8220;Pripremamo ne\u0161to posebno,\u00a0ima detalja koje ne bi otkrivao, nadam se da \u0107emo publiku iznenaditi malo druga\u010dijim nastupom nego li su naviknuli od nas&#8221;<\/em>, <strong>rekao je Mile<\/strong>.<\/p>\n","protected":false},"excerpt":{"rendered":"<p>Mile Perkov u Vodicama je na doma\u0107em terenu, a ove godine udru\u017eio je snage s grupom Kontrast i snimio \u0161aljivu pjesmu &#8220;A di nam je kapetan?&#8221;. Publika \u0107e drugog vikenda u lipnju s njima otploviti na zanimljivu avanturu mirnim vodi\u010dkim morem. &#8220;Ove godine smo spremili&#8230;<\/p>\n","protected":false},"author":5,"featured_media":10487,"comment_status":"closed","ping_status":"closed","sticky":false,"template":"","format":"standard","meta":{"_jetpack_memberships_contains_paid_content":false,"footnotes":""},"categories":[60],"tags":[403,430,429,250],"class_list":["post-10486","post","type-post","status-publish","format-standard","has-post-thumbnail","hentry","category-vijesti","tag-403","tag-a-di-nam-je-kapetan","tag-kontrast","tag-mile-perkov"],"yoast_head":"<!-- This site is optimized with the Yoast SEO plugin v24.2 - https:\/\/yoast.com\/wordpress\/plugins\/seo\/ -->\n<title>Mile Perkov se vra\u0107a i ove godine u Vodice, razveselit \u0107e publiku \u0161aljivom pjesmom &quot;A di nam je kapetan?&quot; - CMC festival Vodice<\/title>\n<meta name=\"robots\" content=\"index, follow, max-snippet:-1, max-image-preview:large, max-video-preview:-1\" \/>\n<link rel=\"canonical\" href=\"https:\/\/cmcfestival.com.hr\/?p=10486\" \/>\n<meta property=\"og:locale\" content=\"hr_HR\" \/>\n<meta property=\"og:type\" content=\"article\" \/>\n<meta property=\"og:title\" content=\"Mile Perkov se vra\u0107a i ove godine u Vodice, razveselit \u0107e publiku \u0161aljivom pjesmom &quot;A di nam je kapetan?&quot; - CMC festival Vodice\" \/>\n<meta property=\"og:description\" content=\"Mile Perkov u Vodicama je na doma\u0107em terenu, a ove godine udru\u017eio je snage s grupom Kontrast i snimio \u0161aljivu pjesmu &#8220;A di nam je kapetan?&#8221;. Publika \u0107e drugog vikenda u lipnju s njima otploviti na zanimljivu avanturu mirnim vodi\u010dkim morem. &#8220;Ove godine smo spremili...\" \/>\n<meta property=\"og:url\" content=\"https:\/\/cmcfestival.com.hr\/?p=10486\" \/>\n<meta property=\"og:site_name\" content=\"CMC festival Vodice\" \/>\n<meta property=\"article:published_time\" content=\"2024-05-23T15:00:29+00:00\" \/>\n<meta property=\"article:modified_time\" content=\"2024-05-23T14:02:22+00:00\" \/>\n<meta property=\"og:image\" content=\"https:\/\/cmcfestival.com.hr\/wp-content\/uploads\/2024\/05\/Mile-Perkov.jpg\" \/>\n\t<meta property=\"og:image:width\" content=\"2560\" \/>\n\t<meta property=\"og:image:height\" content=\"1707\" \/>\n\t<meta property=\"og:image:type\" content=\"image\/jpeg\" \/>\n<meta name=\"author\" content=\"Dora Skare\" \/>\n<meta name=\"twitter:card\" content=\"summary_large_image\" \/>\n<meta name=\"twitter:label1\" content=\"Napisao\/la\" \/>\n\t<meta name=\"twitter:data1\" content=\"Dora Skare\" \/>\n\t<meta name=\"twitter:label2\" content=\"Procijenjeno vrijeme \u010ditanja\" \/>\n\t<meta name=\"twitter:data2\" content=\"1 minuta\" \/>\n<script type=\"application\/ld+json\" class=\"yoast-schema-graph\">{\"@context\":\"https:\/\/schema.org\",\"@graph\":[{\"@type\":\"WebPage\",\"@id\":\"https:\/\/cmcfestival.com.hr\/?p=10486\",\"url\":\"https:\/\/cmcfestival.com.hr\/?p=10486\",\"name\":\"Mile Perkov se vra\u0107a i ove godine u Vodice, razveselit \u0107e publiku \u0161aljivom pjesmom \\\"A di nam je kapetan?\\\" - CMC festival Vodice\",\"isPartOf\":{\"@id\":\"https:\/\/cmcfestival.com.hr\/#website\"},\"primaryImageOfPage\":{\"@id\":\"https:\/\/cmcfestival.com.hr\/?p=10486#primaryimage\"},\"image\":{\"@id\":\"https:\/\/cmcfestival.com.hr\/?p=10486#primaryimage\"},\"thumbnailUrl\":\"https:\/\/cmcfestival.com.hr\/wp-content\/uploads\/2024\/05\/Mile-Perkov.jpg\",\"datePublished\":\"2024-05-23T15:00:29+00:00\",\"dateModified\":\"2024-05-23T14:02:22+00:00\",\"author\":{\"@id\":\"https:\/\/cmcfestival.com.hr\/#\/schema\/person\/d47ca425a09a61ff5e7630c97a1686c0\"},\"breadcrumb\":{\"@id\":\"https:\/\/cmcfestival.com.hr\/?p=10486#breadcrumb\"},\"inLanguage\":\"hr\",\"potentialAction\":[{\"@type\":\"ReadAction\",\"target\":[\"https:\/\/cmcfestival.com.hr\/?p=10486\"]}]},{\"@type\":\"ImageObject\",\"inLanguage\":\"hr\",\"@id\":\"https:\/\/cmcfestival.com.hr\/?p=10486#primaryimage\",\"url\":\"https:\/\/cmcfestival.com.hr\/wp-content\/uploads\/2024\/05\/Mile-Perkov.jpg\",\"contentUrl\":\"https:\/\/cmcfestival.com.hr\/wp-content\/uploads\/2024\/05\/Mile-Perkov.jpg\",\"width\":2560,\"height\":1707},{\"@type\":\"BreadcrumbList\",\"@id\":\"https:\/\/cmcfestival.com.hr\/?p=10486#breadcrumb\",\"itemListElement\":[{\"@type\":\"ListItem\",\"position\":1,\"name\":\"Po\u010detna stranica\",\"item\":\"https:\/\/cmcfestival.com.hr\/\"},{\"@type\":\"ListItem\",\"position\":2,\"name\":\"Mile Perkov se vra\u0107a i ove godine u Vodice, razveselit \u0107e publiku \u0161aljivom pjesmom &#8220;A di nam je kapetan?&#8221;\"}]},{\"@type\":\"WebSite\",\"@id\":\"https:\/\/cmcfestival.com.hr\/#website\",\"url\":\"https:\/\/cmcfestival.com.hr\/\",\"name\":\"CMC festival Vodice\",\"description\":\"2026\",\"potentialAction\":[{\"@type\":\"SearchAction\",\"target\":{\"@type\":\"EntryPoint\",\"urlTemplate\":\"https:\/\/cmcfestival.com.hr\/?s={search_term_string}\"},\"query-input\":{\"@type\":\"PropertyValueSpecification\",\"valueRequired\":true,\"valueName\":\"search_term_string\"}}],\"inLanguage\":\"hr\"},{\"@type\":\"Person\",\"@id\":\"https:\/\/cmcfestival.com.hr\/#\/schema\/person\/d47ca425a09a61ff5e7630c97a1686c0\",\"name\":\"Dora Skare\",\"url\":\"https:\/\/cmcfestival.com.hr\/?author=5\"}]}<\/script>\n<!-- \/ Yoast SEO plugin. -->","yoast_head_json":{"title":"Mile Perkov se vra\u0107a i ove godine u Vodice, razveselit \u0107e publiku \u0161aljivom pjesmom \"A di nam je kapetan?\" - CMC festival Vodice","robots":{"index":"index","follow":"follow","max-snippet":"max-snippet:-1","max-image-preview":"max-image-preview:large","max-video-preview":"max-video-preview:-1"},"canonical":"https:\/\/cmcfestival.com.hr\/?p=10486","og_locale":"hr_HR","og_type":"article","og_title":"Mile Perkov se vra\u0107a i ove godine u Vodice, razveselit \u0107e publiku \u0161aljivom pjesmom \"A di nam je kapetan?\" - CMC festival Vodice","og_description":"Mile Perkov u Vodicama je na doma\u0107em terenu, a ove godine udru\u017eio je snage s grupom Kontrast i snimio \u0161aljivu pjesmu &#8220;A di nam je kapetan?&#8221;. Publika \u0107e drugog vikenda u lipnju s njima otploviti na zanimljivu avanturu mirnim vodi\u010dkim morem. &#8220;Ove godine smo spremili...","og_url":"https:\/\/cmcfestival.com.hr\/?p=10486","og_site_name":"CMC festival Vodice","article_published_time":"2024-05-23T15:00:29+00:00","article_modified_time":"2024-05-23T14:02:22+00:00","og_image":[{"width":2560,"height":1707,"url":"https:\/\/cmcfestival.com.hr\/wp-content\/uploads\/2024\/05\/Mile-Perkov.jpg","type":"image\/jpeg"}],"author":"Dora Skare","twitter_card":"summary_large_image","twitter_misc":{"Napisao\/la":"Dora Skare","Procijenjeno vrijeme \u010ditanja":"1 minuta"},"schema":{"@context":"https:\/\/schema.org","@graph":[{"@type":"WebPage","@id":"https:\/\/cmcfestival.com.hr\/?p=10486","url":"https:\/\/cmcfestival.com.hr\/?p=10486","name":"Mile Perkov se vra\u0107a i ove godine u Vodice, razveselit \u0107e publiku \u0161aljivom pjesmom \"A di nam je kapetan?\" - CMC festival Vodice","isPartOf":{"@id":"https:\/\/cmcfestival.com.hr\/#website"},"primaryImageOfPage":{"@id":"https:\/\/cmcfestival.com.hr\/?p=10486#primaryimage"},"image":{"@id":"https:\/\/cmcfestival.com.hr\/?p=10486#primaryimage"},"thumbnailUrl":"https:\/\/cmcfestival.com.hr\/wp-content\/uploads\/2024\/05\/Mile-Perkov.jpg","datePublished":"2024-05-23T15:00:29+00:00","dateModified":"2024-05-23T14:02:22+00:00","author":{"@id":"https:\/\/cmcfestival.com.hr\/#\/schema\/person\/d47ca425a09a61ff5e7630c97a1686c0"},"breadcrumb":{"@id":"https:\/\/cmcfestival.com.hr\/?p=10486#breadcrumb"},"inLanguage":"hr","potentialAction":[{"@type":"ReadAction","target":["https:\/\/cmcfestival.com.hr\/?p=10486"]}]},{"@type":"ImageObject","inLanguage":"hr","@id":"https:\/\/cmcfestival.com.hr\/?p=10486#primaryimage","url":"https:\/\/cmcfestival.com.hr\/wp-content\/uploads\/2024\/05\/Mile-Perkov.jpg","contentUrl":"https:\/\/cmcfestival.com.hr\/wp-content\/uploads\/2024\/05\/Mile-Perkov.jpg","width":2560,"height":1707},{"@type":"BreadcrumbList","@id":"https:\/\/cmcfestival.com.hr\/?p=10486#breadcrumb","itemListElement":[{"@type":"ListItem","position":1,"name":"Po\u010detna stranica","item":"https:\/\/cmcfestival.com.hr\/"},{"@type":"ListItem","position":2,"name":"Mile Perkov se vra\u0107a i ove godine u Vodice, razveselit \u0107e publiku \u0161aljivom pjesmom &#8220;A di nam je kapetan?&#8221;"}]},{"@type":"WebSite","@id":"https:\/\/cmcfestival.com.hr\/#website","url":"https:\/\/cmcfestival.com.hr\/","name":"CMC festival Vodice","description":"2026","potentialAction":[{"@type":"SearchAction","target":{"@type":"EntryPoint","urlTemplate":"https:\/\/cmcfestival.com.hr\/?s={search_term_string}"},"query-input":{"@type":"PropertyValueSpecification","valueRequired":true,"valueName":"search_term_string"}}],"inLanguage":"hr"},{"@type":"Person","@id":"https:\/\/cmcfestival.com.hr\/#\/schema\/person\/d47ca425a09a61ff5e7630c97a1686c0","name":"Dora Skare","url":"https:\/\/cmcfestival.com.hr\/?author=5"}]}},"jetpack_featured_media_url":"https:\/\/cmcfestival.com.hr\/wp-content\/uploads\/2024\/05\/Mile-Perkov.jpg","jetpack_sharing_enabled":true,"_links":{"self":[{"href":"https:\/\/cmcfestival.com.hr\/index.php?rest_route=\/wp\/v2\/posts\/10486","targetHints":{"allow":["GET"]}}],"collection":[{"href":"https:\/\/cmcfestival.com.hr\/index.php?rest_route=\/wp\/v2\/posts"}],"about":[{"href":"https:\/\/cmcfestival.com.hr\/index.php?rest_route=\/wp\/v2\/types\/post"}],"author":[{"embeddable":true,"href":"https:\/\/cmcfestival.com.hr\/index.php?rest_route=\/wp\/v2\/users\/5"}],"replies":[{"embeddable":true,"href":"https:\/\/cmcfestival.com.hr\/index.php?rest_route=%2Fwp%2Fv2%2Fcomments&post=10486"}],"version-history":[{"count":1,"href":"https:\/\/cmcfestival.com.hr\/index.php?rest_route=\/wp\/v2\/posts\/10486\/revisions"}],"predecessor-version":[{"id":10488,"href":"https:\/\/cmcfestival.com.hr\/index.php?rest_route=\/wp\/v2\/posts\/10486\/revisions\/10488"}],"wp:featuredmedia":[{"embeddable":true,"href":"https:\/\/cmcfestival.com.hr\/index.php?rest_route=\/wp\/v2\/media\/10487"}],"wp:attachment":[{"href":"https:\/\/cmcfestival.com.hr\/index.php?rest_route=%2Fwp%2Fv2%2Fmedia&parent=10486"}],"wp:term":[{"taxonomy":"category","embeddable":true,"href":"https:\/\/cmcfestival.com.hr\/index.php?rest_route=%2Fwp%2Fv2%2Fcategories&post=10486"},{"taxonomy":"post_tag","embeddable":true,"href":"https:\/\/cmcfestival.com.hr\/index.php?rest_route=%2Fwp%2Fv2%2Ftags&post=10486"}],"curies":[{"name":"wp","href":"https:\/\/api.w.org\/{rel}","templated":true}]}}