{"id":10671,"date":"2025-05-15T12:03:43","date_gmt":"2025-05-15T11:03:43","guid":{"rendered":"https:\/\/cmcfestival.com.hr\/?p=10671"},"modified":"2025-05-15T12:07:08","modified_gmt":"2025-05-15T11:07:08","slug":"zeljko-bebek-premijerno-predstavlja-zagrli-me-na-cmc-festivalu","status":"publish","type":"post","link":"https:\/\/cmcfestival.com.hr\/?p=10671","title":{"rendered":"\u017deljko Bebek premijerno predstavlja &#8220;Zagrli me&#8221; na CMC Festivalu"},"content":{"rendered":"<p><strong>\u017deljko Bebek, legendarni pop-rock pjeva\u010d, predstavlja novi autorski singl <em>Zagrli me<\/em>, koji \u0107e premijerno izvesti u\u017eivo na CMC Festivalu u Vodicama 2025. godine.<\/strong><\/p>\n<p>Autor glazbe i koautor teksta je <strong>Du\u0161an Ba\u010di\u0107<\/strong>, dok su tekst supotpisali \u017deljko Bebek i njegov sin <strong>Zvone Bebek<\/strong>, koji potpisuje i aran\u017eman.\u00a0Videospot za pjesmu re\u017eirao je <strong>Dinko \u010cvori\u0107 <\/strong>\u2013 <strong>Doringo<\/strong>, poznat po vizualno dojmljivim glazbenim videima.<\/p>\n<p>Novi singl dolazi kao uvertira u veliku svjetsku turneju koju Bebek najavljuje za 2025. godinu. Turneja \u0107e obuhvatiti vi\u0161e od 40 koncerata diljem Kanade, Australije, Hrvatske i Europe, a Bebeku \u0107e se na pozornici pridru\u017eiti njegov prate\u0107i bend u kojem svira i sin Zvone.<\/p>\n<p>Ova godina nastavlja obilje\u017eavanje impresivnih 50 godina Bebekove karijere, tijekom koje je ostavio neizbrisiv trag \u2013 od zlatnih dana <strong>Bijelog Dugmeta <\/strong>do bogate samostalne karijere ispunjene bezvremenskim hitovima.<\/p>\n<p>foto: Dinko Bo\u0161njak<\/p>\n<p><iframe loading=\"lazy\" title=\"\u017deljko Bebek - Zagrli me\" src=\"https:\/\/www.youtube.com\/embed\/UgAW_z3f1dQ\" width=\"1905\" height=\"776\" frameborder=\"0\" allowfullscreen=\"allowfullscreen\"><\/iframe><\/p>\n","protected":false},"excerpt":{"rendered":"<p>\u017deljko Bebek, legendarni pop-rock pjeva\u010d, predstavlja novi autorski singl Zagrli me, koji \u0107e premijerno izvesti u\u017eivo na CMC Festivalu u Vodicama 2025. godine. Autor glazbe i koautor teksta je Du\u0161an Ba\u010di\u0107, dok su tekst supotpisali \u017deljko Bebek i njegov sin Zvone Bebek, koji potpisuje i&#8230;<\/p>\n","protected":false},"author":5,"featured_media":10672,"comment_status":"closed","ping_status":"closed","sticky":false,"template":"","format":"standard","meta":{"_jetpack_memberships_contains_paid_content":false,"footnotes":""},"categories":[60],"tags":[438,53],"class_list":["post-10671","post","type-post","status-publish","format-standard","has-post-thumbnail","hentry","category-vijesti","tag-438","tag-zeljko-bebek"],"yoast_head":"<!-- This site is optimized with the Yoast SEO plugin v24.2 - https:\/\/yoast.com\/wordpress\/plugins\/seo\/ -->\n<title>\u017deljko Bebek premijerno predstavlja &quot;Zagrli me&quot; na CMC Festivalu - CMC festival Vodice<\/title>\n<meta name=\"robots\" content=\"index, follow, max-snippet:-1, max-image-preview:large, max-video-preview:-1\" \/>\n<link rel=\"canonical\" href=\"https:\/\/cmcfestival.com.hr\/?p=10671\" \/>\n<meta property=\"og:locale\" content=\"hr_HR\" \/>\n<meta property=\"og:type\" content=\"article\" \/>\n<meta property=\"og:title\" content=\"\u017deljko Bebek premijerno predstavlja &quot;Zagrli me&quot; na CMC Festivalu - CMC festival Vodice\" \/>\n<meta property=\"og:description\" content=\"\u017deljko Bebek, legendarni pop-rock pjeva\u010d, predstavlja novi autorski singl Zagrli me, koji \u0107e premijerno izvesti u\u017eivo na CMC Festivalu u Vodicama 2025. godine. Autor glazbe i koautor teksta je Du\u0161an Ba\u010di\u0107, dok su tekst supotpisali \u017deljko Bebek i njegov sin Zvone Bebek, koji potpisuje i...\" \/>\n<meta property=\"og:url\" content=\"https:\/\/cmcfestival.com.hr\/?p=10671\" \/>\n<meta property=\"og:site_name\" content=\"CMC festival Vodice\" \/>\n<meta property=\"article:published_time\" content=\"2025-05-15T11:03:43+00:00\" \/>\n<meta property=\"article:modified_time\" content=\"2025-05-15T11:07:08+00:00\" \/>\n<meta property=\"og:image\" content=\"https:\/\/cmcfestival.com.hr\/wp-content\/uploads\/2025\/05\/Zeljko-Bebek.jpg\" \/>\n\t<meta property=\"og:image:width\" content=\"2048\" \/>\n\t<meta property=\"og:image:height\" content=\"1365\" \/>\n\t<meta property=\"og:image:type\" content=\"image\/jpeg\" \/>\n<meta name=\"author\" content=\"Dora Skare\" \/>\n<meta name=\"twitter:card\" content=\"summary_large_image\" \/>\n<meta name=\"twitter:label1\" content=\"Napisao\/la\" \/>\n\t<meta name=\"twitter:data1\" content=\"Dora Skare\" \/>\n\t<meta name=\"twitter:label2\" content=\"Procijenjeno vrijeme \u010ditanja\" \/>\n\t<meta name=\"twitter:data2\" content=\"1 minuta\" \/>\n<script type=\"application\/ld+json\" class=\"yoast-schema-graph\">{\"@context\":\"https:\/\/schema.org\",\"@graph\":[{\"@type\":\"WebPage\",\"@id\":\"https:\/\/cmcfestival.com.hr\/?p=10671\",\"url\":\"https:\/\/cmcfestival.com.hr\/?p=10671\",\"name\":\"\u017deljko Bebek premijerno predstavlja \\\"Zagrli me\\\" na CMC Festivalu - CMC festival Vodice\",\"isPartOf\":{\"@id\":\"https:\/\/cmcfestival.com.hr\/#website\"},\"primaryImageOfPage\":{\"@id\":\"https:\/\/cmcfestival.com.hr\/?p=10671#primaryimage\"},\"image\":{\"@id\":\"https:\/\/cmcfestival.com.hr\/?p=10671#primaryimage\"},\"thumbnailUrl\":\"https:\/\/cmcfestival.com.hr\/wp-content\/uploads\/2025\/05\/Zeljko-Bebek.jpg\",\"datePublished\":\"2025-05-15T11:03:43+00:00\",\"dateModified\":\"2025-05-15T11:07:08+00:00\",\"author\":{\"@id\":\"https:\/\/cmcfestival.com.hr\/#\/schema\/person\/d47ca425a09a61ff5e7630c97a1686c0\"},\"breadcrumb\":{\"@id\":\"https:\/\/cmcfestival.com.hr\/?p=10671#breadcrumb\"},\"inLanguage\":\"hr\",\"potentialAction\":[{\"@type\":\"ReadAction\",\"target\":[\"https:\/\/cmcfestival.com.hr\/?p=10671\"]}]},{\"@type\":\"ImageObject\",\"inLanguage\":\"hr\",\"@id\":\"https:\/\/cmcfestival.com.hr\/?p=10671#primaryimage\",\"url\":\"https:\/\/cmcfestival.com.hr\/wp-content\/uploads\/2025\/05\/Zeljko-Bebek.jpg\",\"contentUrl\":\"https:\/\/cmcfestival.com.hr\/wp-content\/uploads\/2025\/05\/Zeljko-Bebek.jpg\",\"width\":2048,\"height\":1365},{\"@type\":\"BreadcrumbList\",\"@id\":\"https:\/\/cmcfestival.com.hr\/?p=10671#breadcrumb\",\"itemListElement\":[{\"@type\":\"ListItem\",\"position\":1,\"name\":\"Po\u010detna stranica\",\"item\":\"https:\/\/cmcfestival.com.hr\/\"},{\"@type\":\"ListItem\",\"position\":2,\"name\":\"\u017deljko Bebek premijerno predstavlja &#8220;Zagrli me&#8221; na CMC Festivalu\"}]},{\"@type\":\"WebSite\",\"@id\":\"https:\/\/cmcfestival.com.hr\/#website\",\"url\":\"https:\/\/cmcfestival.com.hr\/\",\"name\":\"CMC festival Vodice\",\"description\":\"2026\",\"potentialAction\":[{\"@type\":\"SearchAction\",\"target\":{\"@type\":\"EntryPoint\",\"urlTemplate\":\"https:\/\/cmcfestival.com.hr\/?s={search_term_string}\"},\"query-input\":{\"@type\":\"PropertyValueSpecification\",\"valueRequired\":true,\"valueName\":\"search_term_string\"}}],\"inLanguage\":\"hr\"},{\"@type\":\"Person\",\"@id\":\"https:\/\/cmcfestival.com.hr\/#\/schema\/person\/d47ca425a09a61ff5e7630c97a1686c0\",\"name\":\"Dora Skare\",\"url\":\"https:\/\/cmcfestival.com.hr\/?author=5\"}]}<\/script>\n<!-- \/ Yoast SEO plugin. -->","yoast_head_json":{"title":"\u017deljko Bebek premijerno predstavlja \"Zagrli me\" na CMC Festivalu - CMC festival Vodice","robots":{"index":"index","follow":"follow","max-snippet":"max-snippet:-1","max-image-preview":"max-image-preview:large","max-video-preview":"max-video-preview:-1"},"canonical":"https:\/\/cmcfestival.com.hr\/?p=10671","og_locale":"hr_HR","og_type":"article","og_title":"\u017deljko Bebek premijerno predstavlja \"Zagrli me\" na CMC Festivalu - CMC festival Vodice","og_description":"\u017deljko Bebek, legendarni pop-rock pjeva\u010d, predstavlja novi autorski singl Zagrli me, koji \u0107e premijerno izvesti u\u017eivo na CMC Festivalu u Vodicama 2025. godine. Autor glazbe i koautor teksta je Du\u0161an Ba\u010di\u0107, dok su tekst supotpisali \u017deljko Bebek i njegov sin Zvone Bebek, koji potpisuje i...","og_url":"https:\/\/cmcfestival.com.hr\/?p=10671","og_site_name":"CMC festival Vodice","article_published_time":"2025-05-15T11:03:43+00:00","article_modified_time":"2025-05-15T11:07:08+00:00","og_image":[{"width":2048,"height":1365,"url":"https:\/\/cmcfestival.com.hr\/wp-content\/uploads\/2025\/05\/Zeljko-Bebek.jpg","type":"image\/jpeg"}],"author":"Dora Skare","twitter_card":"summary_large_image","twitter_misc":{"Napisao\/la":"Dora Skare","Procijenjeno vrijeme \u010ditanja":"1 minuta"},"schema":{"@context":"https:\/\/schema.org","@graph":[{"@type":"WebPage","@id":"https:\/\/cmcfestival.com.hr\/?p=10671","url":"https:\/\/cmcfestival.com.hr\/?p=10671","name":"\u017deljko Bebek premijerno predstavlja \"Zagrli me\" na CMC Festivalu - CMC festival Vodice","isPartOf":{"@id":"https:\/\/cmcfestival.com.hr\/#website"},"primaryImageOfPage":{"@id":"https:\/\/cmcfestival.com.hr\/?p=10671#primaryimage"},"image":{"@id":"https:\/\/cmcfestival.com.hr\/?p=10671#primaryimage"},"thumbnailUrl":"https:\/\/cmcfestival.com.hr\/wp-content\/uploads\/2025\/05\/Zeljko-Bebek.jpg","datePublished":"2025-05-15T11:03:43+00:00","dateModified":"2025-05-15T11:07:08+00:00","author":{"@id":"https:\/\/cmcfestival.com.hr\/#\/schema\/person\/d47ca425a09a61ff5e7630c97a1686c0"},"breadcrumb":{"@id":"https:\/\/cmcfestival.com.hr\/?p=10671#breadcrumb"},"inLanguage":"hr","potentialAction":[{"@type":"ReadAction","target":["https:\/\/cmcfestival.com.hr\/?p=10671"]}]},{"@type":"ImageObject","inLanguage":"hr","@id":"https:\/\/cmcfestival.com.hr\/?p=10671#primaryimage","url":"https:\/\/cmcfestival.com.hr\/wp-content\/uploads\/2025\/05\/Zeljko-Bebek.jpg","contentUrl":"https:\/\/cmcfestival.com.hr\/wp-content\/uploads\/2025\/05\/Zeljko-Bebek.jpg","width":2048,"height":1365},{"@type":"BreadcrumbList","@id":"https:\/\/cmcfestival.com.hr\/?p=10671#breadcrumb","itemListElement":[{"@type":"ListItem","position":1,"name":"Po\u010detna stranica","item":"https:\/\/cmcfestival.com.hr\/"},{"@type":"ListItem","position":2,"name":"\u017deljko Bebek premijerno predstavlja &#8220;Zagrli me&#8221; na CMC Festivalu"}]},{"@type":"WebSite","@id":"https:\/\/cmcfestival.com.hr\/#website","url":"https:\/\/cmcfestival.com.hr\/","name":"CMC festival Vodice","description":"2026","potentialAction":[{"@type":"SearchAction","target":{"@type":"EntryPoint","urlTemplate":"https:\/\/cmcfestival.com.hr\/?s={search_term_string}"},"query-input":{"@type":"PropertyValueSpecification","valueRequired":true,"valueName":"search_term_string"}}],"inLanguage":"hr"},{"@type":"Person","@id":"https:\/\/cmcfestival.com.hr\/#\/schema\/person\/d47ca425a09a61ff5e7630c97a1686c0","name":"Dora Skare","url":"https:\/\/cmcfestival.com.hr\/?author=5"}]}},"jetpack_featured_media_url":"https:\/\/cmcfestival.com.hr\/wp-content\/uploads\/2025\/05\/Zeljko-Bebek.jpg","jetpack_sharing_enabled":true,"_links":{"self":[{"href":"https:\/\/cmcfestival.com.hr\/index.php?rest_route=\/wp\/v2\/posts\/10671","targetHints":{"allow":["GET"]}}],"collection":[{"href":"https:\/\/cmcfestival.com.hr\/index.php?rest_route=\/wp\/v2\/posts"}],"about":[{"href":"https:\/\/cmcfestival.com.hr\/index.php?rest_route=\/wp\/v2\/types\/post"}],"author":[{"embeddable":true,"href":"https:\/\/cmcfestival.com.hr\/index.php?rest_route=\/wp\/v2\/users\/5"}],"replies":[{"embeddable":true,"href":"https:\/\/cmcfestival.com.hr\/index.php?rest_route=%2Fwp%2Fv2%2Fcomments&post=10671"}],"version-history":[{"count":2,"href":"https:\/\/cmcfestival.com.hr\/index.php?rest_route=\/wp\/v2\/posts\/10671\/revisions"}],"predecessor-version":[{"id":10674,"href":"https:\/\/cmcfestival.com.hr\/index.php?rest_route=\/wp\/v2\/posts\/10671\/revisions\/10674"}],"wp:featuredmedia":[{"embeddable":true,"href":"https:\/\/cmcfestival.com.hr\/index.php?rest_route=\/wp\/v2\/media\/10672"}],"wp:attachment":[{"href":"https:\/\/cmcfestival.com.hr\/index.php?rest_route=%2Fwp%2Fv2%2Fmedia&parent=10671"}],"wp:term":[{"taxonomy":"category","embeddable":true,"href":"https:\/\/cmcfestival.com.hr\/index.php?rest_route=%2Fwp%2Fv2%2Fcategories&post=10671"},{"taxonomy":"post_tag","embeddable":true,"href":"https:\/\/cmcfestival.com.hr\/index.php?rest_route=%2Fwp%2Fv2%2Ftags&post=10671"}],"curies":[{"name":"wp","href":"https:\/\/api.w.org\/{rel}","templated":true}]}}