{"id":10675,"date":"2025-05-15T12:11:42","date_gmt":"2025-05-15T11:11:42","guid":{"rendered":"https:\/\/cmcfestival.com.hr\/?p=10675"},"modified":"2025-05-15T12:11:42","modified_gmt":"2025-05-15T11:11:42","slug":"otac-i-sin-u-festivalskom-duetu-daniel-i-sebastian-popovic-stizu-s-pjesmom-odlazim","status":"publish","type":"post","link":"https:\/\/cmcfestival.com.hr\/?p=10675","title":{"rendered":"Otac i sin u festivalskom duetu: Daniel i Sebastian Popovi\u0107 sti\u017eu s pjesmom &#8220;Odlazim&#8221;"},"content":{"rendered":"<p><strong>Na ovogodi\u0161njem CMC Festivalu o\u010dekuje nas emotivan duet \u2013 Daniel i Sebastian Popovi\u0107 prvi put zajedno pjevaju na pozornici.<\/strong><\/p>\n<p>Iako pjesma nosi naziv <em><strong>Odlazim<\/strong><\/em>, njihova poruka je jasna: dolaze donijeti glazbu, zabavu i obiteljsku kemiju u srce Vodica. <em>&#8220;Geni su \u010dudo&#8221;<\/em>, <strong>ka\u017ee Daniel, a Sebastian s osmijehom dodaje<\/strong>: <em>&#8220;Veselim se ludoj atmosferi!&#8221;<\/em> Pri\u010de i \u0161ale s Eurosonga ostaju u backstageu, a energija Popovi\u0107a \u2013 na sceni.<\/p>\n<p><em>&#8220;Nadam se da \u0107e ova pjesma osvanuti ne samo kao zabavan i kvalitetan glazbeni sadr\u017eaj ve\u0107 kao svjedo\u010danstvo ljubavi, strasti i zajedni\u0161tva koje dijelimo kroz glazbu&#8221;<\/em>, <strong>zaklju\u010dio je\u00a0Sebastian<\/strong>.<\/p>\n<p><iframe loading=\"lazy\" title=\"Daniel &amp; Sebastian Popovi\u0107 -ODLAZIM (Julie Anniversary ver.)\" src=\"https:\/\/www.youtube.com\/embed\/I1eCYHNAFR8\" width=\"1905\" height=\"776\" frameborder=\"0\" allowfullscreen=\"allowfullscreen\"><\/iframe><\/p>\n","protected":false},"excerpt":{"rendered":"<p>Na ovogodi\u0161njem CMC Festivalu o\u010dekuje nas emotivan duet \u2013 Daniel i Sebastian Popovi\u0107 prvi put zajedno pjevaju na pozornici. Iako pjesma nosi naziv Odlazim, njihova poruka je jasna: dolaze donijeti glazbu, zabavu i obiteljsku kemiju u srce Vodica. &#8220;Geni su \u010dudo&#8221;, ka\u017ee Daniel, a Sebastian&#8230;<\/p>\n","protected":false},"author":5,"featured_media":10676,"comment_status":"closed","ping_status":"closed","sticky":false,"template":"","format":"standard","meta":{"_jetpack_memberships_contains_paid_content":false,"footnotes":""},"categories":[60],"tags":[438,452,453],"class_list":["post-10675","post","type-post","status-publish","format-standard","has-post-thumbnail","hentry","category-vijesti","tag-438","tag-daniel-i-sebastian-popovic","tag-odlazim"],"yoast_head":"<!-- This site is optimized with the Yoast SEO plugin v24.2 - https:\/\/yoast.com\/wordpress\/plugins\/seo\/ -->\n<title>Otac i sin u festivalskom duetu: Daniel i Sebastian Popovi\u0107 sti\u017eu s pjesmom &quot;Odlazim&quot; - CMC festival Vodice<\/title>\n<meta name=\"robots\" content=\"index, follow, max-snippet:-1, max-image-preview:large, max-video-preview:-1\" \/>\n<link rel=\"canonical\" href=\"https:\/\/cmcfestival.com.hr\/?p=10675\" \/>\n<meta property=\"og:locale\" content=\"hr_HR\" \/>\n<meta property=\"og:type\" content=\"article\" \/>\n<meta property=\"og:title\" content=\"Otac i sin u festivalskom duetu: Daniel i Sebastian Popovi\u0107 sti\u017eu s pjesmom &quot;Odlazim&quot; - CMC festival Vodice\" \/>\n<meta property=\"og:description\" content=\"Na ovogodi\u0161njem CMC Festivalu o\u010dekuje nas emotivan duet \u2013 Daniel i Sebastian Popovi\u0107 prvi put zajedno pjevaju na pozornici. Iako pjesma nosi naziv Odlazim, njihova poruka je jasna: dolaze donijeti glazbu, zabavu i obiteljsku kemiju u srce Vodica. &#8220;Geni su \u010dudo&#8221;, ka\u017ee Daniel, a Sebastian...\" \/>\n<meta property=\"og:url\" content=\"https:\/\/cmcfestival.com.hr\/?p=10675\" \/>\n<meta property=\"og:site_name\" content=\"CMC festival Vodice\" \/>\n<meta property=\"article:published_time\" content=\"2025-05-15T11:11:42+00:00\" \/>\n<meta property=\"og:image\" content=\"https:\/\/cmcfestival.com.hr\/wp-content\/uploads\/2025\/05\/Daniel-i-Sebastian-Popovic-scaled.jpg\" \/>\n\t<meta property=\"og:image:width\" content=\"2533\" \/>\n\t<meta property=\"og:image:height\" content=\"2560\" \/>\n\t<meta property=\"og:image:type\" content=\"image\/jpeg\" \/>\n<meta name=\"author\" content=\"Dora Skare\" \/>\n<meta name=\"twitter:card\" content=\"summary_large_image\" \/>\n<meta name=\"twitter:label1\" content=\"Napisao\/la\" \/>\n\t<meta name=\"twitter:data1\" content=\"Dora Skare\" \/>\n\t<meta name=\"twitter:label2\" content=\"Procijenjeno vrijeme \u010ditanja\" \/>\n\t<meta name=\"twitter:data2\" content=\"1 minuta\" \/>\n<script type=\"application\/ld+json\" class=\"yoast-schema-graph\">{\"@context\":\"https:\/\/schema.org\",\"@graph\":[{\"@type\":\"WebPage\",\"@id\":\"https:\/\/cmcfestival.com.hr\/?p=10675\",\"url\":\"https:\/\/cmcfestival.com.hr\/?p=10675\",\"name\":\"Otac i sin u festivalskom duetu: Daniel i Sebastian Popovi\u0107 sti\u017eu s pjesmom \\\"Odlazim\\\" - CMC festival Vodice\",\"isPartOf\":{\"@id\":\"https:\/\/cmcfestival.com.hr\/#website\"},\"primaryImageOfPage\":{\"@id\":\"https:\/\/cmcfestival.com.hr\/?p=10675#primaryimage\"},\"image\":{\"@id\":\"https:\/\/cmcfestival.com.hr\/?p=10675#primaryimage\"},\"thumbnailUrl\":\"https:\/\/cmcfestival.com.hr\/wp-content\/uploads\/2025\/05\/Daniel-i-Sebastian-Popovic-scaled.jpg\",\"datePublished\":\"2025-05-15T11:11:42+00:00\",\"dateModified\":\"2025-05-15T11:11:42+00:00\",\"author\":{\"@id\":\"https:\/\/cmcfestival.com.hr\/#\/schema\/person\/d47ca425a09a61ff5e7630c97a1686c0\"},\"breadcrumb\":{\"@id\":\"https:\/\/cmcfestival.com.hr\/?p=10675#breadcrumb\"},\"inLanguage\":\"hr\",\"potentialAction\":[{\"@type\":\"ReadAction\",\"target\":[\"https:\/\/cmcfestival.com.hr\/?p=10675\"]}]},{\"@type\":\"ImageObject\",\"inLanguage\":\"hr\",\"@id\":\"https:\/\/cmcfestival.com.hr\/?p=10675#primaryimage\",\"url\":\"https:\/\/cmcfestival.com.hr\/wp-content\/uploads\/2025\/05\/Daniel-i-Sebastian-Popovic-scaled.jpg\",\"contentUrl\":\"https:\/\/cmcfestival.com.hr\/wp-content\/uploads\/2025\/05\/Daniel-i-Sebastian-Popovic-scaled.jpg\",\"width\":2533,\"height\":2560},{\"@type\":\"BreadcrumbList\",\"@id\":\"https:\/\/cmcfestival.com.hr\/?p=10675#breadcrumb\",\"itemListElement\":[{\"@type\":\"ListItem\",\"position\":1,\"name\":\"Po\u010detna stranica\",\"item\":\"https:\/\/cmcfestival.com.hr\/\"},{\"@type\":\"ListItem\",\"position\":2,\"name\":\"Otac i sin u festivalskom duetu: Daniel i Sebastian Popovi\u0107 sti\u017eu s pjesmom &#8220;Odlazim&#8221;\"}]},{\"@type\":\"WebSite\",\"@id\":\"https:\/\/cmcfestival.com.hr\/#website\",\"url\":\"https:\/\/cmcfestival.com.hr\/\",\"name\":\"CMC festival Vodice\",\"description\":\"2026\",\"potentialAction\":[{\"@type\":\"SearchAction\",\"target\":{\"@type\":\"EntryPoint\",\"urlTemplate\":\"https:\/\/cmcfestival.com.hr\/?s={search_term_string}\"},\"query-input\":{\"@type\":\"PropertyValueSpecification\",\"valueRequired\":true,\"valueName\":\"search_term_string\"}}],\"inLanguage\":\"hr\"},{\"@type\":\"Person\",\"@id\":\"https:\/\/cmcfestival.com.hr\/#\/schema\/person\/d47ca425a09a61ff5e7630c97a1686c0\",\"name\":\"Dora Skare\",\"url\":\"https:\/\/cmcfestival.com.hr\/?author=5\"}]}<\/script>\n<!-- \/ Yoast SEO plugin. -->","yoast_head_json":{"title":"Otac i sin u festivalskom duetu: Daniel i Sebastian Popovi\u0107 sti\u017eu s pjesmom \"Odlazim\" - CMC festival Vodice","robots":{"index":"index","follow":"follow","max-snippet":"max-snippet:-1","max-image-preview":"max-image-preview:large","max-video-preview":"max-video-preview:-1"},"canonical":"https:\/\/cmcfestival.com.hr\/?p=10675","og_locale":"hr_HR","og_type":"article","og_title":"Otac i sin u festivalskom duetu: Daniel i Sebastian Popovi\u0107 sti\u017eu s pjesmom \"Odlazim\" - CMC festival Vodice","og_description":"Na ovogodi\u0161njem CMC Festivalu o\u010dekuje nas emotivan duet \u2013 Daniel i Sebastian Popovi\u0107 prvi put zajedno pjevaju na pozornici. Iako pjesma nosi naziv Odlazim, njihova poruka je jasna: dolaze donijeti glazbu, zabavu i obiteljsku kemiju u srce Vodica. &#8220;Geni su \u010dudo&#8221;, ka\u017ee Daniel, a Sebastian...","og_url":"https:\/\/cmcfestival.com.hr\/?p=10675","og_site_name":"CMC festival Vodice","article_published_time":"2025-05-15T11:11:42+00:00","og_image":[{"width":2533,"height":2560,"url":"https:\/\/cmcfestival.com.hr\/wp-content\/uploads\/2025\/05\/Daniel-i-Sebastian-Popovic-scaled.jpg","type":"image\/jpeg"}],"author":"Dora Skare","twitter_card":"summary_large_image","twitter_misc":{"Napisao\/la":"Dora Skare","Procijenjeno vrijeme \u010ditanja":"1 minuta"},"schema":{"@context":"https:\/\/schema.org","@graph":[{"@type":"WebPage","@id":"https:\/\/cmcfestival.com.hr\/?p=10675","url":"https:\/\/cmcfestival.com.hr\/?p=10675","name":"Otac i sin u festivalskom duetu: Daniel i Sebastian Popovi\u0107 sti\u017eu s pjesmom \"Odlazim\" - CMC festival Vodice","isPartOf":{"@id":"https:\/\/cmcfestival.com.hr\/#website"},"primaryImageOfPage":{"@id":"https:\/\/cmcfestival.com.hr\/?p=10675#primaryimage"},"image":{"@id":"https:\/\/cmcfestival.com.hr\/?p=10675#primaryimage"},"thumbnailUrl":"https:\/\/cmcfestival.com.hr\/wp-content\/uploads\/2025\/05\/Daniel-i-Sebastian-Popovic-scaled.jpg","datePublished":"2025-05-15T11:11:42+00:00","dateModified":"2025-05-15T11:11:42+00:00","author":{"@id":"https:\/\/cmcfestival.com.hr\/#\/schema\/person\/d47ca425a09a61ff5e7630c97a1686c0"},"breadcrumb":{"@id":"https:\/\/cmcfestival.com.hr\/?p=10675#breadcrumb"},"inLanguage":"hr","potentialAction":[{"@type":"ReadAction","target":["https:\/\/cmcfestival.com.hr\/?p=10675"]}]},{"@type":"ImageObject","inLanguage":"hr","@id":"https:\/\/cmcfestival.com.hr\/?p=10675#primaryimage","url":"https:\/\/cmcfestival.com.hr\/wp-content\/uploads\/2025\/05\/Daniel-i-Sebastian-Popovic-scaled.jpg","contentUrl":"https:\/\/cmcfestival.com.hr\/wp-content\/uploads\/2025\/05\/Daniel-i-Sebastian-Popovic-scaled.jpg","width":2533,"height":2560},{"@type":"BreadcrumbList","@id":"https:\/\/cmcfestival.com.hr\/?p=10675#breadcrumb","itemListElement":[{"@type":"ListItem","position":1,"name":"Po\u010detna stranica","item":"https:\/\/cmcfestival.com.hr\/"},{"@type":"ListItem","position":2,"name":"Otac i sin u festivalskom duetu: Daniel i Sebastian Popovi\u0107 sti\u017eu s pjesmom &#8220;Odlazim&#8221;"}]},{"@type":"WebSite","@id":"https:\/\/cmcfestival.com.hr\/#website","url":"https:\/\/cmcfestival.com.hr\/","name":"CMC festival Vodice","description":"2026","potentialAction":[{"@type":"SearchAction","target":{"@type":"EntryPoint","urlTemplate":"https:\/\/cmcfestival.com.hr\/?s={search_term_string}"},"query-input":{"@type":"PropertyValueSpecification","valueRequired":true,"valueName":"search_term_string"}}],"inLanguage":"hr"},{"@type":"Person","@id":"https:\/\/cmcfestival.com.hr\/#\/schema\/person\/d47ca425a09a61ff5e7630c97a1686c0","name":"Dora Skare","url":"https:\/\/cmcfestival.com.hr\/?author=5"}]}},"jetpack_featured_media_url":"https:\/\/cmcfestival.com.hr\/wp-content\/uploads\/2025\/05\/Daniel-i-Sebastian-Popovic-scaled.jpg","jetpack_sharing_enabled":true,"_links":{"self":[{"href":"https:\/\/cmcfestival.com.hr\/index.php?rest_route=\/wp\/v2\/posts\/10675","targetHints":{"allow":["GET"]}}],"collection":[{"href":"https:\/\/cmcfestival.com.hr\/index.php?rest_route=\/wp\/v2\/posts"}],"about":[{"href":"https:\/\/cmcfestival.com.hr\/index.php?rest_route=\/wp\/v2\/types\/post"}],"author":[{"embeddable":true,"href":"https:\/\/cmcfestival.com.hr\/index.php?rest_route=\/wp\/v2\/users\/5"}],"replies":[{"embeddable":true,"href":"https:\/\/cmcfestival.com.hr\/index.php?rest_route=%2Fwp%2Fv2%2Fcomments&post=10675"}],"version-history":[{"count":1,"href":"https:\/\/cmcfestival.com.hr\/index.php?rest_route=\/wp\/v2\/posts\/10675\/revisions"}],"predecessor-version":[{"id":10677,"href":"https:\/\/cmcfestival.com.hr\/index.php?rest_route=\/wp\/v2\/posts\/10675\/revisions\/10677"}],"wp:featuredmedia":[{"embeddable":true,"href":"https:\/\/cmcfestival.com.hr\/index.php?rest_route=\/wp\/v2\/media\/10676"}],"wp:attachment":[{"href":"https:\/\/cmcfestival.com.hr\/index.php?rest_route=%2Fwp%2Fv2%2Fmedia&parent=10675"}],"wp:term":[{"taxonomy":"category","embeddable":true,"href":"https:\/\/cmcfestival.com.hr\/index.php?rest_route=%2Fwp%2Fv2%2Fcategories&post=10675"},{"taxonomy":"post_tag","embeddable":true,"href":"https:\/\/cmcfestival.com.hr\/index.php?rest_route=%2Fwp%2Fv2%2Ftags&post=10675"}],"curies":[{"name":"wp","href":"https:\/\/api.w.org\/{rel}","templated":true}]}}