{"id":10678,"date":"2025-05-15T12:18:42","date_gmt":"2025-05-15T11:18:42","guid":{"rendered":"https:\/\/cmcfestival.com.hr\/?p=10678"},"modified":"2025-05-15T12:18:42","modified_gmt":"2025-05-15T11:18:42","slug":"lana-s-na-cmc-festivalu-spaja-istok-i-zapad-uz-novi-drum-bass-etno-hit-bilo-je-nista","status":"publish","type":"post","link":"https:\/\/cmcfestival.com.hr\/?p=10678","title":{"rendered":"Lana.S na CMC Festivalu spaja istok i zapad uz novi drum &#038; bass etno hit &#8220;Bilo je ni\u0161ta&#8221;"},"content":{"rendered":"<p><strong>Uvijek druga\u010dija i uvijek svoja \u2013 Lana.S i ove godine dolazi u Vodice s pjesmom koja nosi spoj Balkana i Londona.<\/strong><\/p>\n<p>Novi singl <strong><em>Bilo je ni\u0161ta<\/em><\/strong> donosi mo\u0107nu poruku, etno melodije i urbani beat. <em>&#8220;Pjesma mora imati tekst, poruku i malo sre\u0107e \u2013 mo\u017eda je ba\u0161 ova moja sretna&#8221;<\/em>,\u00a0<strong>ka\u017ee Lana<\/strong>.<\/p>\n<p>Sje\u0107anja na saksofon, improvizacije i afterparty anegdote jam\u010de nezaboravan nastup, dok ovaj glazbeni uradak donosi sna\u017enu pri\u010du o ljubavi, strasti i gubitku, potvr\u0111uju\u0107i jedinstvenim zvukom da Lana.S ne poznaje \u017eanrovske granice.<\/p>\n<p><iframe loading=\"lazy\" title=\"Lana.S - Bilo je ni\u0161ta (Official video)\" src=\"https:\/\/www.youtube.com\/embed\/DRYGzxXkJYw\" width=\"1905\" height=\"776\" frameborder=\"0\" allowfullscreen=\"allowfullscreen\"><\/iframe><\/p>\n","protected":false},"excerpt":{"rendered":"<p>Uvijek druga\u010dija i uvijek svoja \u2013 Lana.S i ove godine dolazi u Vodice s pjesmom koja nosi spoj Balkana i Londona. Novi singl Bilo je ni\u0161ta donosi mo\u0107nu poruku, etno melodije i urbani beat. &#8220;Pjesma mora imati tekst, poruku i malo sre\u0107e \u2013 mo\u017eda je&#8230;<\/p>\n","protected":false},"author":5,"featured_media":10679,"comment_status":"closed","ping_status":"closed","sticky":false,"template":"","format":"standard","meta":{"_jetpack_memberships_contains_paid_content":false,"footnotes":""},"categories":[60],"tags":[438,454,170],"class_list":["post-10678","post","type-post","status-publish","format-standard","has-post-thumbnail","hentry","category-vijesti","tag-438","tag-bilo-je-nista","tag-lana-s"],"yoast_head":"<!-- This site is optimized with the Yoast SEO plugin v24.2 - https:\/\/yoast.com\/wordpress\/plugins\/seo\/ -->\n<title>Lana.S na CMC Festivalu spaja istok i zapad uz novi drum &amp; bass etno hit &quot;Bilo je ni\u0161ta&quot; - CMC festival Vodice<\/title>\n<meta name=\"robots\" content=\"index, follow, max-snippet:-1, max-image-preview:large, max-video-preview:-1\" \/>\n<link rel=\"canonical\" href=\"https:\/\/cmcfestival.com.hr\/?p=10678\" \/>\n<meta property=\"og:locale\" content=\"hr_HR\" \/>\n<meta property=\"og:type\" content=\"article\" \/>\n<meta property=\"og:title\" content=\"Lana.S na CMC Festivalu spaja istok i zapad uz novi drum &amp; bass etno hit &quot;Bilo je ni\u0161ta&quot; - CMC festival Vodice\" \/>\n<meta property=\"og:description\" content=\"Uvijek druga\u010dija i uvijek svoja \u2013 Lana.S i ove godine dolazi u Vodice s pjesmom koja nosi spoj Balkana i Londona. Novi singl Bilo je ni\u0161ta donosi mo\u0107nu poruku, etno melodije i urbani beat. &#8220;Pjesma mora imati tekst, poruku i malo sre\u0107e \u2013 mo\u017eda je...\" \/>\n<meta property=\"og:url\" content=\"https:\/\/cmcfestival.com.hr\/?p=10678\" \/>\n<meta property=\"og:site_name\" content=\"CMC festival Vodice\" \/>\n<meta property=\"article:published_time\" content=\"2025-05-15T11:18:42+00:00\" \/>\n<meta property=\"og:image\" content=\"https:\/\/cmcfestival.com.hr\/wp-content\/uploads\/2025\/05\/Lana.S-1024x1024.png\" \/>\n\t<meta property=\"og:image:width\" content=\"1024\" \/>\n\t<meta property=\"og:image:height\" content=\"1024\" \/>\n\t<meta property=\"og:image:type\" content=\"image\/png\" \/>\n<meta name=\"author\" content=\"Dora Skare\" \/>\n<meta name=\"twitter:card\" content=\"summary_large_image\" \/>\n<meta name=\"twitter:label1\" content=\"Napisao\/la\" \/>\n\t<meta name=\"twitter:data1\" content=\"Dora Skare\" \/>\n\t<meta name=\"twitter:label2\" content=\"Procijenjeno vrijeme \u010ditanja\" \/>\n\t<meta name=\"twitter:data2\" content=\"1 minuta\" \/>\n<script type=\"application\/ld+json\" class=\"yoast-schema-graph\">{\"@context\":\"https:\/\/schema.org\",\"@graph\":[{\"@type\":\"WebPage\",\"@id\":\"https:\/\/cmcfestival.com.hr\/?p=10678\",\"url\":\"https:\/\/cmcfestival.com.hr\/?p=10678\",\"name\":\"Lana.S na CMC Festivalu spaja istok i zapad uz novi drum & bass etno hit \\\"Bilo je ni\u0161ta\\\" - CMC festival Vodice\",\"isPartOf\":{\"@id\":\"https:\/\/cmcfestival.com.hr\/#website\"},\"primaryImageOfPage\":{\"@id\":\"https:\/\/cmcfestival.com.hr\/?p=10678#primaryimage\"},\"image\":{\"@id\":\"https:\/\/cmcfestival.com.hr\/?p=10678#primaryimage\"},\"thumbnailUrl\":\"https:\/\/cmcfestival.com.hr\/wp-content\/uploads\/2025\/05\/Lana.S.png\",\"datePublished\":\"2025-05-15T11:18:42+00:00\",\"dateModified\":\"2025-05-15T11:18:42+00:00\",\"author\":{\"@id\":\"https:\/\/cmcfestival.com.hr\/#\/schema\/person\/d47ca425a09a61ff5e7630c97a1686c0\"},\"breadcrumb\":{\"@id\":\"https:\/\/cmcfestival.com.hr\/?p=10678#breadcrumb\"},\"inLanguage\":\"hr\",\"potentialAction\":[{\"@type\":\"ReadAction\",\"target\":[\"https:\/\/cmcfestival.com.hr\/?p=10678\"]}]},{\"@type\":\"ImageObject\",\"inLanguage\":\"hr\",\"@id\":\"https:\/\/cmcfestival.com.hr\/?p=10678#primaryimage\",\"url\":\"https:\/\/cmcfestival.com.hr\/wp-content\/uploads\/2025\/05\/Lana.S.png\",\"contentUrl\":\"https:\/\/cmcfestival.com.hr\/wp-content\/uploads\/2025\/05\/Lana.S.png\",\"width\":1536,\"height\":1536},{\"@type\":\"BreadcrumbList\",\"@id\":\"https:\/\/cmcfestival.com.hr\/?p=10678#breadcrumb\",\"itemListElement\":[{\"@type\":\"ListItem\",\"position\":1,\"name\":\"Po\u010detna stranica\",\"item\":\"https:\/\/cmcfestival.com.hr\/\"},{\"@type\":\"ListItem\",\"position\":2,\"name\":\"Lana.S na CMC Festivalu spaja istok i zapad uz novi drum &#038; bass etno hit &#8220;Bilo je ni\u0161ta&#8221;\"}]},{\"@type\":\"WebSite\",\"@id\":\"https:\/\/cmcfestival.com.hr\/#website\",\"url\":\"https:\/\/cmcfestival.com.hr\/\",\"name\":\"CMC festival Vodice\",\"description\":\"2026\",\"potentialAction\":[{\"@type\":\"SearchAction\",\"target\":{\"@type\":\"EntryPoint\",\"urlTemplate\":\"https:\/\/cmcfestival.com.hr\/?s={search_term_string}\"},\"query-input\":{\"@type\":\"PropertyValueSpecification\",\"valueRequired\":true,\"valueName\":\"search_term_string\"}}],\"inLanguage\":\"hr\"},{\"@type\":\"Person\",\"@id\":\"https:\/\/cmcfestival.com.hr\/#\/schema\/person\/d47ca425a09a61ff5e7630c97a1686c0\",\"name\":\"Dora Skare\",\"url\":\"https:\/\/cmcfestival.com.hr\/?author=5\"}]}<\/script>\n<!-- \/ Yoast SEO plugin. -->","yoast_head_json":{"title":"Lana.S na CMC Festivalu spaja istok i zapad uz novi drum & bass etno hit \"Bilo je ni\u0161ta\" - CMC festival Vodice","robots":{"index":"index","follow":"follow","max-snippet":"max-snippet:-1","max-image-preview":"max-image-preview:large","max-video-preview":"max-video-preview:-1"},"canonical":"https:\/\/cmcfestival.com.hr\/?p=10678","og_locale":"hr_HR","og_type":"article","og_title":"Lana.S na CMC Festivalu spaja istok i zapad uz novi drum & bass etno hit \"Bilo je ni\u0161ta\" - CMC festival Vodice","og_description":"Uvijek druga\u010dija i uvijek svoja \u2013 Lana.S i ove godine dolazi u Vodice s pjesmom koja nosi spoj Balkana i Londona. Novi singl Bilo je ni\u0161ta donosi mo\u0107nu poruku, etno melodije i urbani beat. &#8220;Pjesma mora imati tekst, poruku i malo sre\u0107e \u2013 mo\u017eda je...","og_url":"https:\/\/cmcfestival.com.hr\/?p=10678","og_site_name":"CMC festival Vodice","article_published_time":"2025-05-15T11:18:42+00:00","og_image":[{"width":1024,"height":1024,"url":"https:\/\/cmcfestival.com.hr\/wp-content\/uploads\/2025\/05\/Lana.S-1024x1024.png","type":"image\/png"}],"author":"Dora Skare","twitter_card":"summary_large_image","twitter_misc":{"Napisao\/la":"Dora Skare","Procijenjeno vrijeme \u010ditanja":"1 minuta"},"schema":{"@context":"https:\/\/schema.org","@graph":[{"@type":"WebPage","@id":"https:\/\/cmcfestival.com.hr\/?p=10678","url":"https:\/\/cmcfestival.com.hr\/?p=10678","name":"Lana.S na CMC Festivalu spaja istok i zapad uz novi drum & bass etno hit \"Bilo je ni\u0161ta\" - CMC festival Vodice","isPartOf":{"@id":"https:\/\/cmcfestival.com.hr\/#website"},"primaryImageOfPage":{"@id":"https:\/\/cmcfestival.com.hr\/?p=10678#primaryimage"},"image":{"@id":"https:\/\/cmcfestival.com.hr\/?p=10678#primaryimage"},"thumbnailUrl":"https:\/\/cmcfestival.com.hr\/wp-content\/uploads\/2025\/05\/Lana.S.png","datePublished":"2025-05-15T11:18:42+00:00","dateModified":"2025-05-15T11:18:42+00:00","author":{"@id":"https:\/\/cmcfestival.com.hr\/#\/schema\/person\/d47ca425a09a61ff5e7630c97a1686c0"},"breadcrumb":{"@id":"https:\/\/cmcfestival.com.hr\/?p=10678#breadcrumb"},"inLanguage":"hr","potentialAction":[{"@type":"ReadAction","target":["https:\/\/cmcfestival.com.hr\/?p=10678"]}]},{"@type":"ImageObject","inLanguage":"hr","@id":"https:\/\/cmcfestival.com.hr\/?p=10678#primaryimage","url":"https:\/\/cmcfestival.com.hr\/wp-content\/uploads\/2025\/05\/Lana.S.png","contentUrl":"https:\/\/cmcfestival.com.hr\/wp-content\/uploads\/2025\/05\/Lana.S.png","width":1536,"height":1536},{"@type":"BreadcrumbList","@id":"https:\/\/cmcfestival.com.hr\/?p=10678#breadcrumb","itemListElement":[{"@type":"ListItem","position":1,"name":"Po\u010detna stranica","item":"https:\/\/cmcfestival.com.hr\/"},{"@type":"ListItem","position":2,"name":"Lana.S na CMC Festivalu spaja istok i zapad uz novi drum &#038; bass etno hit &#8220;Bilo je ni\u0161ta&#8221;"}]},{"@type":"WebSite","@id":"https:\/\/cmcfestival.com.hr\/#website","url":"https:\/\/cmcfestival.com.hr\/","name":"CMC festival Vodice","description":"2026","potentialAction":[{"@type":"SearchAction","target":{"@type":"EntryPoint","urlTemplate":"https:\/\/cmcfestival.com.hr\/?s={search_term_string}"},"query-input":{"@type":"PropertyValueSpecification","valueRequired":true,"valueName":"search_term_string"}}],"inLanguage":"hr"},{"@type":"Person","@id":"https:\/\/cmcfestival.com.hr\/#\/schema\/person\/d47ca425a09a61ff5e7630c97a1686c0","name":"Dora Skare","url":"https:\/\/cmcfestival.com.hr\/?author=5"}]}},"jetpack_featured_media_url":"https:\/\/cmcfestival.com.hr\/wp-content\/uploads\/2025\/05\/Lana.S.png","jetpack_sharing_enabled":true,"_links":{"self":[{"href":"https:\/\/cmcfestival.com.hr\/index.php?rest_route=\/wp\/v2\/posts\/10678","targetHints":{"allow":["GET"]}}],"collection":[{"href":"https:\/\/cmcfestival.com.hr\/index.php?rest_route=\/wp\/v2\/posts"}],"about":[{"href":"https:\/\/cmcfestival.com.hr\/index.php?rest_route=\/wp\/v2\/types\/post"}],"author":[{"embeddable":true,"href":"https:\/\/cmcfestival.com.hr\/index.php?rest_route=\/wp\/v2\/users\/5"}],"replies":[{"embeddable":true,"href":"https:\/\/cmcfestival.com.hr\/index.php?rest_route=%2Fwp%2Fv2%2Fcomments&post=10678"}],"version-history":[{"count":1,"href":"https:\/\/cmcfestival.com.hr\/index.php?rest_route=\/wp\/v2\/posts\/10678\/revisions"}],"predecessor-version":[{"id":10680,"href":"https:\/\/cmcfestival.com.hr\/index.php?rest_route=\/wp\/v2\/posts\/10678\/revisions\/10680"}],"wp:featuredmedia":[{"embeddable":true,"href":"https:\/\/cmcfestival.com.hr\/index.php?rest_route=\/wp\/v2\/media\/10679"}],"wp:attachment":[{"href":"https:\/\/cmcfestival.com.hr\/index.php?rest_route=%2Fwp%2Fv2%2Fmedia&parent=10678"}],"wp:term":[{"taxonomy":"category","embeddable":true,"href":"https:\/\/cmcfestival.com.hr\/index.php?rest_route=%2Fwp%2Fv2%2Fcategories&post=10678"},{"taxonomy":"post_tag","embeddable":true,"href":"https:\/\/cmcfestival.com.hr\/index.php?rest_route=%2Fwp%2Fv2%2Ftags&post=10678"}],"curies":[{"name":"wp","href":"https:\/\/api.w.org\/{rel}","templated":true}]}}