{"id":10699,"date":"2025-05-22T14:04:47","date_gmt":"2025-05-22T13:04:47","guid":{"rendered":"https:\/\/cmcfestival.com.hr\/?p=10699"},"modified":"2025-05-22T14:04:47","modified_gmt":"2025-05-22T13:04:47","slug":"dzentlmeni-pjesmom-imenom-tvojim-sve-pocinje-donose-tamburaski-duh-uz-more","status":"publish","type":"post","link":"https:\/\/cmcfestival.com.hr\/?p=10699","title":{"rendered":"D\u017eentlmeni pjesmom &#8220;Imenom tvojim sve po\u010dinje&#8221; donose tambura\u0161ki duh uz more"},"content":{"rendered":"<p><strong>D\u017eentlmeni, jedini tambura\u0161ki sastav na moru, ni ove godine ne propu\u0161taju CMC Festival.<\/strong><\/p>\n<p><!--more--><\/p>\n<p>S novom pjesmom <strong><em>Imenom tvojim sve po\u010dinje<\/em><\/strong>, ponovno unose slavonsku radost i toplinu u srce Dalmacije.<\/p>\n<p><em>&#8220;Za CMC uvijek biramo vedre, ljetne pjesme. Ove godine smo posebno ponosni, mislim da \u0107e ova pjesma biti top topova&#8221;<\/em>, <strong>ka\u017ee Hrvoje Grbe\u0161a<\/strong>. Pjesma nosi pozitivnu poruku i klasi\u010dnu tambura\u0161ku emociju, a njihova energija ostaje jedan od naj\u0161armantnijih zatvaranja festivala.<\/p>\n<p>Na pozornici ih do\u010dekuje gromoglasni pljesak, jer publika zna \u2013 kad tambura krene, nema kraja dobrom raspolo\u017eenju. D\u017eentlmeni spajaju Slavoniju i Dalmaciju, pro\u0161lost i sada\u0161njost, tradiciju i suvremeni zvuk.<\/p>\n<p>U Vodicama se osje\u0107aju kao doma. Dvije ve\u010deri festivala koriste za dru\u017eenje, smijeh i spontane tambura\u0161ke ve\u010deri po vodi\u010dkim kalama, \u0161to ovaj festival \u010dini jo\u0161 posebnijim.<\/p>\n","protected":false},"excerpt":{"rendered":"<p>D\u017eentlmeni, jedini tambura\u0161ki sastav na moru, ni ove godine ne propu\u0161taju CMC Festival.<\/p>\n","protected":false},"author":5,"featured_media":10700,"comment_status":"closed","ping_status":"closed","sticky":false,"template":"","format":"standard","meta":{"_jetpack_memberships_contains_paid_content":false,"footnotes":""},"categories":[60],"tags":[438,316,457],"class_list":["post-10699","post","type-post","status-publish","format-standard","has-post-thumbnail","hentry","category-vijesti","tag-438","tag-dzentlmeni","tag-imenom-tvojim-sve-pocinje"],"yoast_head":"<!-- This site is optimized with the Yoast SEO plugin v24.2 - https:\/\/yoast.com\/wordpress\/plugins\/seo\/ -->\n<title>D\u017eentlmeni pjesmom &quot;Imenom tvojim sve po\u010dinje&quot; donose tambura\u0161ki duh uz more - CMC festival Vodice<\/title>\n<meta name=\"robots\" content=\"index, follow, max-snippet:-1, max-image-preview:large, max-video-preview:-1\" \/>\n<link rel=\"canonical\" href=\"https:\/\/cmcfestival.com.hr\/?p=10699\" \/>\n<meta property=\"og:locale\" content=\"hr_HR\" \/>\n<meta property=\"og:type\" content=\"article\" \/>\n<meta property=\"og:title\" content=\"D\u017eentlmeni pjesmom &quot;Imenom tvojim sve po\u010dinje&quot; donose tambura\u0161ki duh uz more - CMC festival Vodice\" \/>\n<meta property=\"og:description\" content=\"D\u017eentlmeni, jedini tambura\u0161ki sastav na moru, ni ove godine ne propu\u0161taju CMC Festival.\" \/>\n<meta property=\"og:url\" content=\"https:\/\/cmcfestival.com.hr\/?p=10699\" \/>\n<meta property=\"og:site_name\" content=\"CMC festival Vodice\" \/>\n<meta property=\"article:published_time\" content=\"2025-05-22T13:04:47+00:00\" \/>\n<meta property=\"og:image\" content=\"https:\/\/cmcfestival.com.hr\/wp-content\/uploads\/2025\/05\/Dzentlmeni.jpg\" \/>\n\t<meta property=\"og:image:width\" content=\"1600\" \/>\n\t<meta property=\"og:image:height\" content=\"1088\" \/>\n\t<meta property=\"og:image:type\" content=\"image\/jpeg\" \/>\n<meta name=\"author\" content=\"Dora Skare\" \/>\n<meta name=\"twitter:card\" content=\"summary_large_image\" \/>\n<meta name=\"twitter:label1\" content=\"Napisao\/la\" \/>\n\t<meta name=\"twitter:data1\" content=\"Dora Skare\" \/>\n\t<meta name=\"twitter:label2\" content=\"Procijenjeno vrijeme \u010ditanja\" \/>\n\t<meta name=\"twitter:data2\" content=\"1 minuta\" \/>\n<script type=\"application\/ld+json\" class=\"yoast-schema-graph\">{\"@context\":\"https:\/\/schema.org\",\"@graph\":[{\"@type\":\"WebPage\",\"@id\":\"https:\/\/cmcfestival.com.hr\/?p=10699\",\"url\":\"https:\/\/cmcfestival.com.hr\/?p=10699\",\"name\":\"D\u017eentlmeni pjesmom \\\"Imenom tvojim sve po\u010dinje\\\" donose tambura\u0161ki duh uz more - CMC festival Vodice\",\"isPartOf\":{\"@id\":\"https:\/\/cmcfestival.com.hr\/#website\"},\"primaryImageOfPage\":{\"@id\":\"https:\/\/cmcfestival.com.hr\/?p=10699#primaryimage\"},\"image\":{\"@id\":\"https:\/\/cmcfestival.com.hr\/?p=10699#primaryimage\"},\"thumbnailUrl\":\"https:\/\/cmcfestival.com.hr\/wp-content\/uploads\/2025\/05\/Dzentlmeni.jpg\",\"datePublished\":\"2025-05-22T13:04:47+00:00\",\"dateModified\":\"2025-05-22T13:04:47+00:00\",\"author\":{\"@id\":\"https:\/\/cmcfestival.com.hr\/#\/schema\/person\/d47ca425a09a61ff5e7630c97a1686c0\"},\"breadcrumb\":{\"@id\":\"https:\/\/cmcfestival.com.hr\/?p=10699#breadcrumb\"},\"inLanguage\":\"hr\",\"potentialAction\":[{\"@type\":\"ReadAction\",\"target\":[\"https:\/\/cmcfestival.com.hr\/?p=10699\"]}]},{\"@type\":\"ImageObject\",\"inLanguage\":\"hr\",\"@id\":\"https:\/\/cmcfestival.com.hr\/?p=10699#primaryimage\",\"url\":\"https:\/\/cmcfestival.com.hr\/wp-content\/uploads\/2025\/05\/Dzentlmeni.jpg\",\"contentUrl\":\"https:\/\/cmcfestival.com.hr\/wp-content\/uploads\/2025\/05\/Dzentlmeni.jpg\",\"width\":1600,\"height\":1088},{\"@type\":\"BreadcrumbList\",\"@id\":\"https:\/\/cmcfestival.com.hr\/?p=10699#breadcrumb\",\"itemListElement\":[{\"@type\":\"ListItem\",\"position\":1,\"name\":\"Po\u010detna stranica\",\"item\":\"https:\/\/cmcfestival.com.hr\/\"},{\"@type\":\"ListItem\",\"position\":2,\"name\":\"D\u017eentlmeni pjesmom &#8220;Imenom tvojim sve po\u010dinje&#8221; donose tambura\u0161ki duh uz more\"}]},{\"@type\":\"WebSite\",\"@id\":\"https:\/\/cmcfestival.com.hr\/#website\",\"url\":\"https:\/\/cmcfestival.com.hr\/\",\"name\":\"CMC festival Vodice\",\"description\":\"2026\",\"potentialAction\":[{\"@type\":\"SearchAction\",\"target\":{\"@type\":\"EntryPoint\",\"urlTemplate\":\"https:\/\/cmcfestival.com.hr\/?s={search_term_string}\"},\"query-input\":{\"@type\":\"PropertyValueSpecification\",\"valueRequired\":true,\"valueName\":\"search_term_string\"}}],\"inLanguage\":\"hr\"},{\"@type\":\"Person\",\"@id\":\"https:\/\/cmcfestival.com.hr\/#\/schema\/person\/d47ca425a09a61ff5e7630c97a1686c0\",\"name\":\"Dora Skare\",\"url\":\"https:\/\/cmcfestival.com.hr\/?author=5\"}]}<\/script>\n<!-- \/ Yoast SEO plugin. -->","yoast_head_json":{"title":"D\u017eentlmeni pjesmom \"Imenom tvojim sve po\u010dinje\" donose tambura\u0161ki duh uz more - CMC festival Vodice","robots":{"index":"index","follow":"follow","max-snippet":"max-snippet:-1","max-image-preview":"max-image-preview:large","max-video-preview":"max-video-preview:-1"},"canonical":"https:\/\/cmcfestival.com.hr\/?p=10699","og_locale":"hr_HR","og_type":"article","og_title":"D\u017eentlmeni pjesmom \"Imenom tvojim sve po\u010dinje\" donose tambura\u0161ki duh uz more - CMC festival Vodice","og_description":"D\u017eentlmeni, jedini tambura\u0161ki sastav na moru, ni ove godine ne propu\u0161taju CMC Festival.","og_url":"https:\/\/cmcfestival.com.hr\/?p=10699","og_site_name":"CMC festival Vodice","article_published_time":"2025-05-22T13:04:47+00:00","og_image":[{"width":1600,"height":1088,"url":"https:\/\/cmcfestival.com.hr\/wp-content\/uploads\/2025\/05\/Dzentlmeni.jpg","type":"image\/jpeg"}],"author":"Dora Skare","twitter_card":"summary_large_image","twitter_misc":{"Napisao\/la":"Dora Skare","Procijenjeno vrijeme \u010ditanja":"1 minuta"},"schema":{"@context":"https:\/\/schema.org","@graph":[{"@type":"WebPage","@id":"https:\/\/cmcfestival.com.hr\/?p=10699","url":"https:\/\/cmcfestival.com.hr\/?p=10699","name":"D\u017eentlmeni pjesmom \"Imenom tvojim sve po\u010dinje\" donose tambura\u0161ki duh uz more - CMC festival Vodice","isPartOf":{"@id":"https:\/\/cmcfestival.com.hr\/#website"},"primaryImageOfPage":{"@id":"https:\/\/cmcfestival.com.hr\/?p=10699#primaryimage"},"image":{"@id":"https:\/\/cmcfestival.com.hr\/?p=10699#primaryimage"},"thumbnailUrl":"https:\/\/cmcfestival.com.hr\/wp-content\/uploads\/2025\/05\/Dzentlmeni.jpg","datePublished":"2025-05-22T13:04:47+00:00","dateModified":"2025-05-22T13:04:47+00:00","author":{"@id":"https:\/\/cmcfestival.com.hr\/#\/schema\/person\/d47ca425a09a61ff5e7630c97a1686c0"},"breadcrumb":{"@id":"https:\/\/cmcfestival.com.hr\/?p=10699#breadcrumb"},"inLanguage":"hr","potentialAction":[{"@type":"ReadAction","target":["https:\/\/cmcfestival.com.hr\/?p=10699"]}]},{"@type":"ImageObject","inLanguage":"hr","@id":"https:\/\/cmcfestival.com.hr\/?p=10699#primaryimage","url":"https:\/\/cmcfestival.com.hr\/wp-content\/uploads\/2025\/05\/Dzentlmeni.jpg","contentUrl":"https:\/\/cmcfestival.com.hr\/wp-content\/uploads\/2025\/05\/Dzentlmeni.jpg","width":1600,"height":1088},{"@type":"BreadcrumbList","@id":"https:\/\/cmcfestival.com.hr\/?p=10699#breadcrumb","itemListElement":[{"@type":"ListItem","position":1,"name":"Po\u010detna stranica","item":"https:\/\/cmcfestival.com.hr\/"},{"@type":"ListItem","position":2,"name":"D\u017eentlmeni pjesmom &#8220;Imenom tvojim sve po\u010dinje&#8221; donose tambura\u0161ki duh uz more"}]},{"@type":"WebSite","@id":"https:\/\/cmcfestival.com.hr\/#website","url":"https:\/\/cmcfestival.com.hr\/","name":"CMC festival Vodice","description":"2026","potentialAction":[{"@type":"SearchAction","target":{"@type":"EntryPoint","urlTemplate":"https:\/\/cmcfestival.com.hr\/?s={search_term_string}"},"query-input":{"@type":"PropertyValueSpecification","valueRequired":true,"valueName":"search_term_string"}}],"inLanguage":"hr"},{"@type":"Person","@id":"https:\/\/cmcfestival.com.hr\/#\/schema\/person\/d47ca425a09a61ff5e7630c97a1686c0","name":"Dora Skare","url":"https:\/\/cmcfestival.com.hr\/?author=5"}]}},"jetpack_featured_media_url":"https:\/\/cmcfestival.com.hr\/wp-content\/uploads\/2025\/05\/Dzentlmeni.jpg","jetpack_sharing_enabled":true,"_links":{"self":[{"href":"https:\/\/cmcfestival.com.hr\/index.php?rest_route=\/wp\/v2\/posts\/10699","targetHints":{"allow":["GET"]}}],"collection":[{"href":"https:\/\/cmcfestival.com.hr\/index.php?rest_route=\/wp\/v2\/posts"}],"about":[{"href":"https:\/\/cmcfestival.com.hr\/index.php?rest_route=\/wp\/v2\/types\/post"}],"author":[{"embeddable":true,"href":"https:\/\/cmcfestival.com.hr\/index.php?rest_route=\/wp\/v2\/users\/5"}],"replies":[{"embeddable":true,"href":"https:\/\/cmcfestival.com.hr\/index.php?rest_route=%2Fwp%2Fv2%2Fcomments&post=10699"}],"version-history":[{"count":1,"href":"https:\/\/cmcfestival.com.hr\/index.php?rest_route=\/wp\/v2\/posts\/10699\/revisions"}],"predecessor-version":[{"id":10701,"href":"https:\/\/cmcfestival.com.hr\/index.php?rest_route=\/wp\/v2\/posts\/10699\/revisions\/10701"}],"wp:featuredmedia":[{"embeddable":true,"href":"https:\/\/cmcfestival.com.hr\/index.php?rest_route=\/wp\/v2\/media\/10700"}],"wp:attachment":[{"href":"https:\/\/cmcfestival.com.hr\/index.php?rest_route=%2Fwp%2Fv2%2Fmedia&parent=10699"}],"wp:term":[{"taxonomy":"category","embeddable":true,"href":"https:\/\/cmcfestival.com.hr\/index.php?rest_route=%2Fwp%2Fv2%2Fcategories&post=10699"},{"taxonomy":"post_tag","embeddable":true,"href":"https:\/\/cmcfestival.com.hr\/index.php?rest_route=%2Fwp%2Fv2%2Ftags&post=10699"}],"curies":[{"name":"wp","href":"https:\/\/api.w.org\/{rel}","templated":true}]}}