{"id":10722,"date":"2025-05-29T13:01:40","date_gmt":"2025-05-29T12:01:40","guid":{"rendered":"https:\/\/cmcfestival.com.hr\/?p=10722"},"modified":"2025-05-29T13:01:40","modified_gmt":"2025-05-29T12:01:40","slug":"nives-celzijus-i-prima-band-garantiraju-dobru-zabavu-s-hitom-je-bome-je","status":"publish","type":"post","link":"https:\/\/cmcfestival.com.hr\/?p=10722","title":{"rendered":"Nives Celzijus i Prima Band garantiraju dobru zabavu s hitom &#8220;Je bo\u2019me je&#8221;"},"content":{"rendered":"<p><strong>Nives Celzijus, kraljica zabave i provokacije, vra\u0107a se na glazbenu scenu s novim hitom <em>Je, bo\u2019me je!<\/em>, duhovitom i prpo\u0161nom pjesmom koja ve\u0107 na prvo slu\u0161anje osvaja i publiku i eter.<\/strong><\/p>\n<p><!--more--><\/p>\n<p>U suradnji s <strong>Prima Bandom<\/strong>, a pod autorskom palicom <strong>Jacquesa Houdeka<\/strong>, nastala je pjesma koja \u0107e sigurno postati nezaobilazna na ovogodi\u0161njim fe\u0161tama i festivalima.<\/p>\n<p><strong>Jacques je pjesmu napisao s Nives na umu<\/strong>: <em>&#8220;Htio sam napraviti pjesmu koja je istovremeno duhovita, pomalo nostalgi\u010dna, ali i \u017eestoka \u2013 i znao sam da to mo\u017ee iznijeti samo Nives.\u201d Dodaje i da je inspiraciju prona\u0161ao u svakodnevnim \u0161alama sa svojom punicom, iz kojih je izronila prepoznatljiva fraza \u201eJe, bo\u2019me je!&#8221;<\/em>\u00a0\u2013 danas refren budu\u0107eg hita.<\/p>\n<p>&#8220;Kad sam prvi put \u010dula pjesmu, znala sam da imamo ne\u0161to posebno. Malo je takvih pjesama koje te nasmiju, a istovremeno imaju pri\u010du&#8221;, <strong>opisala je Nives suradnju s Prima Bandom\u00a0kao savr\u0161en spoj energije, glazbenog duha i iskrene zabave<\/strong>.<\/p>\n<p><em>Je, bo\u2019me je!<\/em>\u00a0je vi\u0161e od pjesme \u2013 to je \u0161armantna &#8220;\u017eenska himna&#8221;\u00a0koja slavi karakter, slobodu i humor. Premijera u\u017eivo o\u010dekuje nas 6. lipnja na CMC Festivalu u Vodicama, a vesela ekipa ve\u0107 je najavila radno ljeto puno koncerata i smijeha.<\/p>\n<p><iframe loading=\"lazy\" title=\"Prima Band feat. Nives Celzijus - Je, bo'me, je! (Official video)\" src=\"https:\/\/www.youtube.com\/embed\/zSZGAA88KVY\" width=\"1296\" height=\"729\" frameborder=\"0\" allowfullscreen=\"allowfullscreen\"><\/iframe><\/p>\n","protected":false},"excerpt":{"rendered":"<p>Nives Celzijus, kraljica zabave i provokacije, vra\u0107a se na glazbenu scenu s novim hitom Je, bo\u2019me je!, duhovitom i prpo\u0161nom pjesmom koja ve\u0107 na prvo slu\u0161anje osvaja i publiku i eter.<\/p>\n","protected":false},"author":5,"featured_media":10723,"comment_status":"closed","ping_status":"closed","sticky":false,"template":"","format":"standard","meta":{"_jetpack_memberships_contains_paid_content":false,"footnotes":""},"categories":[60],"tags":[438,462,461],"class_list":["post-10722","post","type-post","status-publish","format-standard","has-post-thumbnail","hentry","category-vijesti","tag-438","tag-je-bome-je","tag-nives-celzijus-i-prima-band"],"yoast_head":"<!-- This site is optimized with the Yoast SEO plugin v24.2 - https:\/\/yoast.com\/wordpress\/plugins\/seo\/ -->\n<title>Nives Celzijus i Prima Band garantiraju dobru zabavu s hitom &quot;Je bo\u2019me je&quot; - CMC festival Vodice<\/title>\n<meta name=\"robots\" content=\"index, follow, max-snippet:-1, max-image-preview:large, max-video-preview:-1\" \/>\n<link rel=\"canonical\" href=\"https:\/\/cmcfestival.com.hr\/?p=10722\" \/>\n<meta property=\"og:locale\" content=\"hr_HR\" \/>\n<meta property=\"og:type\" content=\"article\" \/>\n<meta property=\"og:title\" content=\"Nives Celzijus i Prima Band garantiraju dobru zabavu s hitom &quot;Je bo\u2019me je&quot; - CMC festival Vodice\" \/>\n<meta property=\"og:description\" content=\"Nives Celzijus, kraljica zabave i provokacije, vra\u0107a se na glazbenu scenu s novim hitom Je, bo\u2019me je!, duhovitom i prpo\u0161nom pjesmom koja ve\u0107 na prvo slu\u0161anje osvaja i publiku i eter.\" \/>\n<meta property=\"og:url\" content=\"https:\/\/cmcfestival.com.hr\/?p=10722\" \/>\n<meta property=\"og:site_name\" content=\"CMC festival Vodice\" \/>\n<meta property=\"article:published_time\" content=\"2025-05-29T12:01:40+00:00\" \/>\n<meta property=\"og:image\" content=\"https:\/\/cmcfestival.com.hr\/wp-content\/uploads\/2025\/05\/Nives-Celzijus-i-Prima-Band.jpg\" \/>\n\t<meta property=\"og:image:width\" content=\"1920\" \/>\n\t<meta property=\"og:image:height\" content=\"1079\" \/>\n\t<meta property=\"og:image:type\" content=\"image\/jpeg\" \/>\n<meta name=\"author\" content=\"Dora Skare\" \/>\n<meta name=\"twitter:card\" content=\"summary_large_image\" \/>\n<meta name=\"twitter:label1\" content=\"Napisao\/la\" \/>\n\t<meta name=\"twitter:data1\" content=\"Dora Skare\" \/>\n\t<meta name=\"twitter:label2\" content=\"Procijenjeno vrijeme \u010ditanja\" \/>\n\t<meta name=\"twitter:data2\" content=\"2 minute\" \/>\n<script type=\"application\/ld+json\" class=\"yoast-schema-graph\">{\"@context\":\"https:\/\/schema.org\",\"@graph\":[{\"@type\":\"WebPage\",\"@id\":\"https:\/\/cmcfestival.com.hr\/?p=10722\",\"url\":\"https:\/\/cmcfestival.com.hr\/?p=10722\",\"name\":\"Nives Celzijus i Prima Band garantiraju dobru zabavu s hitom \\\"Je bo\u2019me je\\\" - CMC festival Vodice\",\"isPartOf\":{\"@id\":\"https:\/\/cmcfestival.com.hr\/#website\"},\"primaryImageOfPage\":{\"@id\":\"https:\/\/cmcfestival.com.hr\/?p=10722#primaryimage\"},\"image\":{\"@id\":\"https:\/\/cmcfestival.com.hr\/?p=10722#primaryimage\"},\"thumbnailUrl\":\"https:\/\/cmcfestival.com.hr\/wp-content\/uploads\/2025\/05\/Nives-Celzijus-i-Prima-Band.jpg\",\"datePublished\":\"2025-05-29T12:01:40+00:00\",\"dateModified\":\"2025-05-29T12:01:40+00:00\",\"author\":{\"@id\":\"https:\/\/cmcfestival.com.hr\/#\/schema\/person\/d47ca425a09a61ff5e7630c97a1686c0\"},\"breadcrumb\":{\"@id\":\"https:\/\/cmcfestival.com.hr\/?p=10722#breadcrumb\"},\"inLanguage\":\"hr\",\"potentialAction\":[{\"@type\":\"ReadAction\",\"target\":[\"https:\/\/cmcfestival.com.hr\/?p=10722\"]}]},{\"@type\":\"ImageObject\",\"inLanguage\":\"hr\",\"@id\":\"https:\/\/cmcfestival.com.hr\/?p=10722#primaryimage\",\"url\":\"https:\/\/cmcfestival.com.hr\/wp-content\/uploads\/2025\/05\/Nives-Celzijus-i-Prima-Band.jpg\",\"contentUrl\":\"https:\/\/cmcfestival.com.hr\/wp-content\/uploads\/2025\/05\/Nives-Celzijus-i-Prima-Band.jpg\",\"width\":1920,\"height\":1079},{\"@type\":\"BreadcrumbList\",\"@id\":\"https:\/\/cmcfestival.com.hr\/?p=10722#breadcrumb\",\"itemListElement\":[{\"@type\":\"ListItem\",\"position\":1,\"name\":\"Po\u010detna stranica\",\"item\":\"https:\/\/cmcfestival.com.hr\/\"},{\"@type\":\"ListItem\",\"position\":2,\"name\":\"Nives Celzijus i Prima Band garantiraju dobru zabavu s hitom &#8220;Je bo\u2019me je&#8221;\"}]},{\"@type\":\"WebSite\",\"@id\":\"https:\/\/cmcfestival.com.hr\/#website\",\"url\":\"https:\/\/cmcfestival.com.hr\/\",\"name\":\"CMC festival Vodice\",\"description\":\"2026\",\"potentialAction\":[{\"@type\":\"SearchAction\",\"target\":{\"@type\":\"EntryPoint\",\"urlTemplate\":\"https:\/\/cmcfestival.com.hr\/?s={search_term_string}\"},\"query-input\":{\"@type\":\"PropertyValueSpecification\",\"valueRequired\":true,\"valueName\":\"search_term_string\"}}],\"inLanguage\":\"hr\"},{\"@type\":\"Person\",\"@id\":\"https:\/\/cmcfestival.com.hr\/#\/schema\/person\/d47ca425a09a61ff5e7630c97a1686c0\",\"name\":\"Dora Skare\",\"url\":\"https:\/\/cmcfestival.com.hr\/?author=5\"}]}<\/script>\n<!-- \/ Yoast SEO plugin. -->","yoast_head_json":{"title":"Nives Celzijus i Prima Band garantiraju dobru zabavu s hitom \"Je bo\u2019me je\" - CMC festival Vodice","robots":{"index":"index","follow":"follow","max-snippet":"max-snippet:-1","max-image-preview":"max-image-preview:large","max-video-preview":"max-video-preview:-1"},"canonical":"https:\/\/cmcfestival.com.hr\/?p=10722","og_locale":"hr_HR","og_type":"article","og_title":"Nives Celzijus i Prima Band garantiraju dobru zabavu s hitom \"Je bo\u2019me je\" - CMC festival Vodice","og_description":"Nives Celzijus, kraljica zabave i provokacije, vra\u0107a se na glazbenu scenu s novim hitom Je, bo\u2019me je!, duhovitom i prpo\u0161nom pjesmom koja ve\u0107 na prvo slu\u0161anje osvaja i publiku i eter.","og_url":"https:\/\/cmcfestival.com.hr\/?p=10722","og_site_name":"CMC festival Vodice","article_published_time":"2025-05-29T12:01:40+00:00","og_image":[{"width":1920,"height":1079,"url":"https:\/\/cmcfestival.com.hr\/wp-content\/uploads\/2025\/05\/Nives-Celzijus-i-Prima-Band.jpg","type":"image\/jpeg"}],"author":"Dora Skare","twitter_card":"summary_large_image","twitter_misc":{"Napisao\/la":"Dora Skare","Procijenjeno vrijeme \u010ditanja":"2 minute"},"schema":{"@context":"https:\/\/schema.org","@graph":[{"@type":"WebPage","@id":"https:\/\/cmcfestival.com.hr\/?p=10722","url":"https:\/\/cmcfestival.com.hr\/?p=10722","name":"Nives Celzijus i Prima Band garantiraju dobru zabavu s hitom \"Je bo\u2019me je\" - CMC festival Vodice","isPartOf":{"@id":"https:\/\/cmcfestival.com.hr\/#website"},"primaryImageOfPage":{"@id":"https:\/\/cmcfestival.com.hr\/?p=10722#primaryimage"},"image":{"@id":"https:\/\/cmcfestival.com.hr\/?p=10722#primaryimage"},"thumbnailUrl":"https:\/\/cmcfestival.com.hr\/wp-content\/uploads\/2025\/05\/Nives-Celzijus-i-Prima-Band.jpg","datePublished":"2025-05-29T12:01:40+00:00","dateModified":"2025-05-29T12:01:40+00:00","author":{"@id":"https:\/\/cmcfestival.com.hr\/#\/schema\/person\/d47ca425a09a61ff5e7630c97a1686c0"},"breadcrumb":{"@id":"https:\/\/cmcfestival.com.hr\/?p=10722#breadcrumb"},"inLanguage":"hr","potentialAction":[{"@type":"ReadAction","target":["https:\/\/cmcfestival.com.hr\/?p=10722"]}]},{"@type":"ImageObject","inLanguage":"hr","@id":"https:\/\/cmcfestival.com.hr\/?p=10722#primaryimage","url":"https:\/\/cmcfestival.com.hr\/wp-content\/uploads\/2025\/05\/Nives-Celzijus-i-Prima-Band.jpg","contentUrl":"https:\/\/cmcfestival.com.hr\/wp-content\/uploads\/2025\/05\/Nives-Celzijus-i-Prima-Band.jpg","width":1920,"height":1079},{"@type":"BreadcrumbList","@id":"https:\/\/cmcfestival.com.hr\/?p=10722#breadcrumb","itemListElement":[{"@type":"ListItem","position":1,"name":"Po\u010detna stranica","item":"https:\/\/cmcfestival.com.hr\/"},{"@type":"ListItem","position":2,"name":"Nives Celzijus i Prima Band garantiraju dobru zabavu s hitom &#8220;Je bo\u2019me je&#8221;"}]},{"@type":"WebSite","@id":"https:\/\/cmcfestival.com.hr\/#website","url":"https:\/\/cmcfestival.com.hr\/","name":"CMC festival Vodice","description":"2026","potentialAction":[{"@type":"SearchAction","target":{"@type":"EntryPoint","urlTemplate":"https:\/\/cmcfestival.com.hr\/?s={search_term_string}"},"query-input":{"@type":"PropertyValueSpecification","valueRequired":true,"valueName":"search_term_string"}}],"inLanguage":"hr"},{"@type":"Person","@id":"https:\/\/cmcfestival.com.hr\/#\/schema\/person\/d47ca425a09a61ff5e7630c97a1686c0","name":"Dora Skare","url":"https:\/\/cmcfestival.com.hr\/?author=5"}]}},"jetpack_featured_media_url":"https:\/\/cmcfestival.com.hr\/wp-content\/uploads\/2025\/05\/Nives-Celzijus-i-Prima-Band.jpg","jetpack_sharing_enabled":true,"_links":{"self":[{"href":"https:\/\/cmcfestival.com.hr\/index.php?rest_route=\/wp\/v2\/posts\/10722","targetHints":{"allow":["GET"]}}],"collection":[{"href":"https:\/\/cmcfestival.com.hr\/index.php?rest_route=\/wp\/v2\/posts"}],"about":[{"href":"https:\/\/cmcfestival.com.hr\/index.php?rest_route=\/wp\/v2\/types\/post"}],"author":[{"embeddable":true,"href":"https:\/\/cmcfestival.com.hr\/index.php?rest_route=\/wp\/v2\/users\/5"}],"replies":[{"embeddable":true,"href":"https:\/\/cmcfestival.com.hr\/index.php?rest_route=%2Fwp%2Fv2%2Fcomments&post=10722"}],"version-history":[{"count":1,"href":"https:\/\/cmcfestival.com.hr\/index.php?rest_route=\/wp\/v2\/posts\/10722\/revisions"}],"predecessor-version":[{"id":10724,"href":"https:\/\/cmcfestival.com.hr\/index.php?rest_route=\/wp\/v2\/posts\/10722\/revisions\/10724"}],"wp:featuredmedia":[{"embeddable":true,"href":"https:\/\/cmcfestival.com.hr\/index.php?rest_route=\/wp\/v2\/media\/10723"}],"wp:attachment":[{"href":"https:\/\/cmcfestival.com.hr\/index.php?rest_route=%2Fwp%2Fv2%2Fmedia&parent=10722"}],"wp:term":[{"taxonomy":"category","embeddable":true,"href":"https:\/\/cmcfestival.com.hr\/index.php?rest_route=%2Fwp%2Fv2%2Fcategories&post=10722"},{"taxonomy":"post_tag","embeddable":true,"href":"https:\/\/cmcfestival.com.hr\/index.php?rest_route=%2Fwp%2Fv2%2Ftags&post=10722"}],"curies":[{"name":"wp","href":"https:\/\/api.w.org\/{rel}","templated":true}]}}