{"id":10729,"date":"2025-05-29T13:10:57","date_gmt":"2025-05-29T12:10:57","guid":{"rendered":"https:\/\/cmcfestival.com.hr\/?p=10729"},"modified":"2025-05-29T13:10:57","modified_gmt":"2025-05-29T12:10:57","slug":"trio-gust-predstavlja-novu-pjesmu-mandina-za-cmc-festival-u-vodicama-2025","status":"publish","type":"post","link":"https:\/\/cmcfestival.com.hr\/?p=10729","title":{"rendered":"Trio Gu\u0161t predstavlja novu pjesmu &#8220;Mandina&#8221; za CMC festival u Vodicama 2025."},"content":{"rendered":"<p><strong>Splitski sastav Trio Gu\u0161t, sinonim za autenti\u010dni dalmatinski zvuk i atmosferu koja slavi more, sunce i \u017eivot uz obalu, na CMC festivalu u Vodicama 2025. predstavit \u0107e svoj novi singl <em>Mandina<\/em>.<\/strong><\/p>\n<p><!--more--><br \/>\nPjesma <em>Mandina <\/em>autorski je rad <strong>Gordana \u0160egvi\u0107a <\/strong>(tekst i glazba), dok je za moderan, a istovremeno tradicijom obojen aran\u017eman zaslu\u017ean <strong>Dario Marun\u010di\u0107<\/strong>. Ova nova skladba donosi prepoznatljivu melodi\u010dnost i emotivnu naraciju karakteristi\u010dnu za Trio Gu\u0161t, ali s osvje\u017eenim produkcijskim pristupom koji \u0107e zasigurno osvojiti i staru i novu publiku.<\/p>\n<p><em>&#8220;Pjesma Mandina s kojom ove godine nastupamo na na\u0161em najve\u0107em i najmnogoljudnijem CMC festivalu u Vodicama, nastala je iz jednog slu\u010dajnog razgovora s djevojkom iz \u0161ibenskog zale\u0111a. Na pitanje: Je li ono ona cura?, odgovorila je na dijalektu: Ni no na! (nije ono ona). To je na\u0161em gitaristi Gordanu \u0160egvi\u0107u simpati\u010dno zazvu\u010dalo i ponukalo da napravi pjesmu s tom cakom te opi\u0161e putovanje \u0161ibenskim zale\u0111em. Zbog veselog karaktera pjesme nadamo se da \u0107e se svidjeti publici, a kao stvorena je za nastup u Vodicama jer se spominje u pjesmi&#8221;<\/em>, <strong>rekao je glavni vokal benda, \u017delimir Dundi\u0107 Dundo<\/strong>.<\/p>\n<p>U istom sastavu bend djeluje ve\u0107 nevjerojatna \u010detiri desetlje\u0107a, a poznat je po svojim hitovima i albumima poput <strong><em>Fe\u0161ta<\/em><\/strong>, <strong><em>Dernek<\/em><\/strong>, <strong><em>Tulum<\/em><\/strong>, <strong><em>Domjenak<\/em><\/strong>, <strong><em>Fajrunt <\/em><\/strong>i <strong><em>\u0160u\u0161ur<\/em><\/strong>. Bilo da izvode obrade klasi\u010dnih dalmatinskih pjesama ili autorske balade i \u0161ansone, njihov nastup uvijek jam\u010di iskrenu emociju i atmosferu pravog gu\u0161ta.<\/p>\n<p>Nastup na CMC festivalu u Vodicama 2025. bit \u0107e jo\u0161 jedna potvrda njihove bezvremenske glazbene pri\u010de, a <em>Mandina <\/em>\u0107e zasigurno prona\u0107i svoje mjesto u srcima publike i na radijskim valovima diljem Hrvatske.<\/p>\n<p><iframe loading=\"lazy\" title=\"Trio Gu\u0161t - Mandina\" src=\"https:\/\/www.youtube.com\/embed\/A5OOmqFyYR8\" width=\"1296\" height=\"729\" frameborder=\"0\" allowfullscreen=\"allowfullscreen\"><\/iframe><\/p>\n","protected":false},"excerpt":{"rendered":"<p>Splitski sastav Trio Gu\u0161t, sinonim za autenti\u010dni dalmatinski zvuk i atmosferu koja slavi more, sunce i \u017eivot uz obalu, na CMC festivalu u Vodicama 2025. predstavit \u0107e svoj novi singl Mandina.<\/p>\n","protected":false},"author":5,"featured_media":10730,"comment_status":"closed","ping_status":"closed","sticky":false,"template":"","format":"standard","meta":{"_jetpack_memberships_contains_paid_content":false,"footnotes":""},"categories":[60],"tags":[438,465,132],"class_list":["post-10729","post","type-post","status-publish","format-standard","has-post-thumbnail","hentry","category-vijesti","tag-438","tag-mandina","tag-trio-gust"],"yoast_head":"<!-- This site is optimized with the Yoast SEO plugin v24.2 - https:\/\/yoast.com\/wordpress\/plugins\/seo\/ -->\n<title>Trio Gu\u0161t predstavlja novu pjesmu &quot;Mandina&quot; za CMC festival u Vodicama 2025. - CMC festival Vodice<\/title>\n<meta name=\"robots\" content=\"index, follow, max-snippet:-1, max-image-preview:large, max-video-preview:-1\" \/>\n<link rel=\"canonical\" href=\"https:\/\/cmcfestival.com.hr\/?p=10729\" \/>\n<meta property=\"og:locale\" content=\"hr_HR\" \/>\n<meta property=\"og:type\" content=\"article\" \/>\n<meta property=\"og:title\" content=\"Trio Gu\u0161t predstavlja novu pjesmu &quot;Mandina&quot; za CMC festival u Vodicama 2025. - CMC festival Vodice\" \/>\n<meta property=\"og:description\" content=\"Splitski sastav Trio Gu\u0161t, sinonim za autenti\u010dni dalmatinski zvuk i atmosferu koja slavi more, sunce i \u017eivot uz obalu, na CMC festivalu u Vodicama 2025. predstavit \u0107e svoj novi singl Mandina.\" \/>\n<meta property=\"og:url\" content=\"https:\/\/cmcfestival.com.hr\/?p=10729\" \/>\n<meta property=\"og:site_name\" content=\"CMC festival Vodice\" \/>\n<meta property=\"article:published_time\" content=\"2025-05-29T12:10:57+00:00\" \/>\n<meta property=\"og:image\" content=\"https:\/\/cmcfestival.com.hr\/wp-content\/uploads\/2025\/05\/Trio-Gust-scaled.jpg\" \/>\n\t<meta property=\"og:image:width\" content=\"2560\" \/>\n\t<meta property=\"og:image:height\" content=\"1707\" \/>\n\t<meta property=\"og:image:type\" content=\"image\/jpeg\" \/>\n<meta name=\"author\" content=\"Dora Skare\" \/>\n<meta name=\"twitter:card\" content=\"summary_large_image\" \/>\n<meta name=\"twitter:label1\" content=\"Napisao\/la\" \/>\n\t<meta name=\"twitter:data1\" content=\"Dora Skare\" \/>\n\t<meta name=\"twitter:label2\" content=\"Procijenjeno vrijeme \u010ditanja\" \/>\n\t<meta name=\"twitter:data2\" content=\"2 minute\" \/>\n<script type=\"application\/ld+json\" class=\"yoast-schema-graph\">{\"@context\":\"https:\/\/schema.org\",\"@graph\":[{\"@type\":\"WebPage\",\"@id\":\"https:\/\/cmcfestival.com.hr\/?p=10729\",\"url\":\"https:\/\/cmcfestival.com.hr\/?p=10729\",\"name\":\"Trio Gu\u0161t predstavlja novu pjesmu \\\"Mandina\\\" za CMC festival u Vodicama 2025. - CMC festival Vodice\",\"isPartOf\":{\"@id\":\"https:\/\/cmcfestival.com.hr\/#website\"},\"primaryImageOfPage\":{\"@id\":\"https:\/\/cmcfestival.com.hr\/?p=10729#primaryimage\"},\"image\":{\"@id\":\"https:\/\/cmcfestival.com.hr\/?p=10729#primaryimage\"},\"thumbnailUrl\":\"https:\/\/cmcfestival.com.hr\/wp-content\/uploads\/2025\/05\/Trio-Gust-scaled.jpg\",\"datePublished\":\"2025-05-29T12:10:57+00:00\",\"dateModified\":\"2025-05-29T12:10:57+00:00\",\"author\":{\"@id\":\"https:\/\/cmcfestival.com.hr\/#\/schema\/person\/d47ca425a09a61ff5e7630c97a1686c0\"},\"breadcrumb\":{\"@id\":\"https:\/\/cmcfestival.com.hr\/?p=10729#breadcrumb\"},\"inLanguage\":\"hr\",\"potentialAction\":[{\"@type\":\"ReadAction\",\"target\":[\"https:\/\/cmcfestival.com.hr\/?p=10729\"]}]},{\"@type\":\"ImageObject\",\"inLanguage\":\"hr\",\"@id\":\"https:\/\/cmcfestival.com.hr\/?p=10729#primaryimage\",\"url\":\"https:\/\/cmcfestival.com.hr\/wp-content\/uploads\/2025\/05\/Trio-Gust-scaled.jpg\",\"contentUrl\":\"https:\/\/cmcfestival.com.hr\/wp-content\/uploads\/2025\/05\/Trio-Gust-scaled.jpg\",\"width\":2560,\"height\":1707},{\"@type\":\"BreadcrumbList\",\"@id\":\"https:\/\/cmcfestival.com.hr\/?p=10729#breadcrumb\",\"itemListElement\":[{\"@type\":\"ListItem\",\"position\":1,\"name\":\"Po\u010detna stranica\",\"item\":\"https:\/\/cmcfestival.com.hr\/\"},{\"@type\":\"ListItem\",\"position\":2,\"name\":\"Trio Gu\u0161t predstavlja novu pjesmu &#8220;Mandina&#8221; za CMC festival u Vodicama 2025.\"}]},{\"@type\":\"WebSite\",\"@id\":\"https:\/\/cmcfestival.com.hr\/#website\",\"url\":\"https:\/\/cmcfestival.com.hr\/\",\"name\":\"CMC festival Vodice\",\"description\":\"2026\",\"potentialAction\":[{\"@type\":\"SearchAction\",\"target\":{\"@type\":\"EntryPoint\",\"urlTemplate\":\"https:\/\/cmcfestival.com.hr\/?s={search_term_string}\"},\"query-input\":{\"@type\":\"PropertyValueSpecification\",\"valueRequired\":true,\"valueName\":\"search_term_string\"}}],\"inLanguage\":\"hr\"},{\"@type\":\"Person\",\"@id\":\"https:\/\/cmcfestival.com.hr\/#\/schema\/person\/d47ca425a09a61ff5e7630c97a1686c0\",\"name\":\"Dora Skare\",\"url\":\"https:\/\/cmcfestival.com.hr\/?author=5\"}]}<\/script>\n<!-- \/ Yoast SEO plugin. -->","yoast_head_json":{"title":"Trio Gu\u0161t predstavlja novu pjesmu \"Mandina\" za CMC festival u Vodicama 2025. - CMC festival Vodice","robots":{"index":"index","follow":"follow","max-snippet":"max-snippet:-1","max-image-preview":"max-image-preview:large","max-video-preview":"max-video-preview:-1"},"canonical":"https:\/\/cmcfestival.com.hr\/?p=10729","og_locale":"hr_HR","og_type":"article","og_title":"Trio Gu\u0161t predstavlja novu pjesmu \"Mandina\" za CMC festival u Vodicama 2025. - CMC festival Vodice","og_description":"Splitski sastav Trio Gu\u0161t, sinonim za autenti\u010dni dalmatinski zvuk i atmosferu koja slavi more, sunce i \u017eivot uz obalu, na CMC festivalu u Vodicama 2025. predstavit \u0107e svoj novi singl Mandina.","og_url":"https:\/\/cmcfestival.com.hr\/?p=10729","og_site_name":"CMC festival Vodice","article_published_time":"2025-05-29T12:10:57+00:00","og_image":[{"width":2560,"height":1707,"url":"https:\/\/cmcfestival.com.hr\/wp-content\/uploads\/2025\/05\/Trio-Gust-scaled.jpg","type":"image\/jpeg"}],"author":"Dora Skare","twitter_card":"summary_large_image","twitter_misc":{"Napisao\/la":"Dora Skare","Procijenjeno vrijeme \u010ditanja":"2 minute"},"schema":{"@context":"https:\/\/schema.org","@graph":[{"@type":"WebPage","@id":"https:\/\/cmcfestival.com.hr\/?p=10729","url":"https:\/\/cmcfestival.com.hr\/?p=10729","name":"Trio Gu\u0161t predstavlja novu pjesmu \"Mandina\" za CMC festival u Vodicama 2025. - CMC festival Vodice","isPartOf":{"@id":"https:\/\/cmcfestival.com.hr\/#website"},"primaryImageOfPage":{"@id":"https:\/\/cmcfestival.com.hr\/?p=10729#primaryimage"},"image":{"@id":"https:\/\/cmcfestival.com.hr\/?p=10729#primaryimage"},"thumbnailUrl":"https:\/\/cmcfestival.com.hr\/wp-content\/uploads\/2025\/05\/Trio-Gust-scaled.jpg","datePublished":"2025-05-29T12:10:57+00:00","dateModified":"2025-05-29T12:10:57+00:00","author":{"@id":"https:\/\/cmcfestival.com.hr\/#\/schema\/person\/d47ca425a09a61ff5e7630c97a1686c0"},"breadcrumb":{"@id":"https:\/\/cmcfestival.com.hr\/?p=10729#breadcrumb"},"inLanguage":"hr","potentialAction":[{"@type":"ReadAction","target":["https:\/\/cmcfestival.com.hr\/?p=10729"]}]},{"@type":"ImageObject","inLanguage":"hr","@id":"https:\/\/cmcfestival.com.hr\/?p=10729#primaryimage","url":"https:\/\/cmcfestival.com.hr\/wp-content\/uploads\/2025\/05\/Trio-Gust-scaled.jpg","contentUrl":"https:\/\/cmcfestival.com.hr\/wp-content\/uploads\/2025\/05\/Trio-Gust-scaled.jpg","width":2560,"height":1707},{"@type":"BreadcrumbList","@id":"https:\/\/cmcfestival.com.hr\/?p=10729#breadcrumb","itemListElement":[{"@type":"ListItem","position":1,"name":"Po\u010detna stranica","item":"https:\/\/cmcfestival.com.hr\/"},{"@type":"ListItem","position":2,"name":"Trio Gu\u0161t predstavlja novu pjesmu &#8220;Mandina&#8221; za CMC festival u Vodicama 2025."}]},{"@type":"WebSite","@id":"https:\/\/cmcfestival.com.hr\/#website","url":"https:\/\/cmcfestival.com.hr\/","name":"CMC festival Vodice","description":"2026","potentialAction":[{"@type":"SearchAction","target":{"@type":"EntryPoint","urlTemplate":"https:\/\/cmcfestival.com.hr\/?s={search_term_string}"},"query-input":{"@type":"PropertyValueSpecification","valueRequired":true,"valueName":"search_term_string"}}],"inLanguage":"hr"},{"@type":"Person","@id":"https:\/\/cmcfestival.com.hr\/#\/schema\/person\/d47ca425a09a61ff5e7630c97a1686c0","name":"Dora Skare","url":"https:\/\/cmcfestival.com.hr\/?author=5"}]}},"jetpack_featured_media_url":"https:\/\/cmcfestival.com.hr\/wp-content\/uploads\/2025\/05\/Trio-Gust-scaled.jpg","jetpack_sharing_enabled":true,"_links":{"self":[{"href":"https:\/\/cmcfestival.com.hr\/index.php?rest_route=\/wp\/v2\/posts\/10729","targetHints":{"allow":["GET"]}}],"collection":[{"href":"https:\/\/cmcfestival.com.hr\/index.php?rest_route=\/wp\/v2\/posts"}],"about":[{"href":"https:\/\/cmcfestival.com.hr\/index.php?rest_route=\/wp\/v2\/types\/post"}],"author":[{"embeddable":true,"href":"https:\/\/cmcfestival.com.hr\/index.php?rest_route=\/wp\/v2\/users\/5"}],"replies":[{"embeddable":true,"href":"https:\/\/cmcfestival.com.hr\/index.php?rest_route=%2Fwp%2Fv2%2Fcomments&post=10729"}],"version-history":[{"count":1,"href":"https:\/\/cmcfestival.com.hr\/index.php?rest_route=\/wp\/v2\/posts\/10729\/revisions"}],"predecessor-version":[{"id":10731,"href":"https:\/\/cmcfestival.com.hr\/index.php?rest_route=\/wp\/v2\/posts\/10729\/revisions\/10731"}],"wp:featuredmedia":[{"embeddable":true,"href":"https:\/\/cmcfestival.com.hr\/index.php?rest_route=\/wp\/v2\/media\/10730"}],"wp:attachment":[{"href":"https:\/\/cmcfestival.com.hr\/index.php?rest_route=%2Fwp%2Fv2%2Fmedia&parent=10729"}],"wp:term":[{"taxonomy":"category","embeddable":true,"href":"https:\/\/cmcfestival.com.hr\/index.php?rest_route=%2Fwp%2Fv2%2Fcategories&post=10729"},{"taxonomy":"post_tag","embeddable":true,"href":"https:\/\/cmcfestival.com.hr\/index.php?rest_route=%2Fwp%2Fv2%2Ftags&post=10729"}],"curies":[{"name":"wp","href":"https:\/\/api.w.org\/{rel}","templated":true}]}}