{"id":10732,"date":"2025-05-29T13:16:44","date_gmt":"2025-05-29T12:16:44","guid":{"rendered":"https:\/\/cmcfestival.com.hr\/?p=10732"},"modified":"2025-05-29T13:16:44","modified_gmt":"2025-05-29T12:16:44","slug":"nocni-skok-predstavlja-novu-autorsku-pjesmu-sa-mnom-pogrijesi","status":"publish","type":"post","link":"https:\/\/cmcfestival.com.hr\/?p=10732","title":{"rendered":"No\u010dni skok predstavlja novu autorsku pjesmu \u2013 &#8220;Sa mnom pogrije\u0161i&#8221;"},"content":{"rendered":"<p><strong>Grupa No\u010dni skok, sastavljena od glazbenika iz cijele Slovenije, predstavlja svoju novu autorsku pjesmu pod nazivom <em>Sa mnom pogrije\u0161i<\/em>. Ovaj glazbeni projekt nastao je kao rezultat ozbiljnog rada, dugogodi\u0161njeg iskustva i istinske ljubavi prema glazbi.<\/strong><\/p>\n<p><!--more--><br \/>\nZa sna\u017enu glazbenu podlogu i vrhunsku produkciju zaslu\u017ean je <strong>Miro Buljan<\/strong>, producent i skladatelj, dok je emotivan i sugestivan tekst napisao poznati tekstopisac <strong>Nenad Nin\u010devi\u0107<\/strong>. Aran\u017eman i produkcija tako\u0111er nose potpis Mire Buljana, \u010dime pjesma dobiva prepoznatljiv, moderan i profesionalan zvuk.<\/p>\n<p>Pjesmu prati i vizualno upe\u010datljiv videospot u produkciji <strong>Bolk Media<\/strong>, koji dodatno osna\u017euje poruku i emociju koju pjesma prenosi.<\/p>\n<p>Veliku pozornost pjesma \u0107e dobiti i na regionalnoj glazbenoj sceni \u2013 No\u010dni skok \u0107e Sa mnom pogrije\u0161i premijerno predstaviti u\u017eivo na ovogodi\u0161njem CMC festivalu u Vodicama, jednom od najzna\u010dajnijih festivala doma\u0107e pop i zabavne glazbe.<\/p>\n<p>Singl <em>Sa mnom pogrije\u0161i<\/em> donosi osvje\u017eavaju\u0107i spoj suvremenog pop zvuka i autenti\u010dne interpretacije, potvr\u0111uju\u0107i da No\u010dni skok ima \u0161to za re\u0107i i ponuditi publici diljem regije.<\/p>\n<p>Pjesmu prati i vizualno upe\u010datljiv videospot u produkciji <strong>Bolk Media<\/strong>, koji dodatno osna\u017euje poruku i emociju koju pjesma prenosi.<\/p>\n<p>Veliku pozornost pjesma \u0107e dobiti i na regionalnoj glazbenoj sceni \u2013 No\u010dni skok \u0107e Sa mnom pogrije\u0161i premijerno predstaviti u\u017eivo na ovogodi\u0161njem CMC festivalu u Vodicama, jednom od najzna\u010dajnijih festivala doma\u0107e pop i zabavne glazbe.<\/p>\n<p>Singl <em>Sa mnom pogrije\u0161i<\/em> donosi osvje\u017eavaju\u0107i spoj suvremenog pop zvuka i autenti\u010dne interpretacije, potvr\u0111uju\u0107i da No\u010dni skok ima \u0161to za re\u0107i i ponuditi publici diljem regije.<\/p>\n<p><iframe loading=\"lazy\" title=\"No\u010dni skok - Sa mnom pogrije\u0161i (Official video)\" src=\"https:\/\/www.youtube.com\/embed\/WvzTv14C9H0\" width=\"1296\" height=\"729\" frameborder=\"0\" allowfullscreen=\"allowfullscreen\"><\/iframe><\/p>\n","protected":false},"excerpt":{"rendered":"<p>Grupa No\u010dni skok, sastavljena od glazbenika iz cijele Slovenije, predstavlja svoju novu autorsku pjesmu pod nazivom Sa mnom pogrije\u0161i. Ovaj glazbeni projekt nastao je kao rezultat ozbiljnog rada, dugogodi\u0161njeg iskustva i istinske ljubavi prema glazbi.<\/p>\n","protected":false},"author":5,"featured_media":10733,"comment_status":"closed","ping_status":"closed","sticky":false,"template":"","format":"standard","meta":{"_jetpack_memberships_contains_paid_content":false,"footnotes":""},"categories":[60],"tags":[438,427,466],"class_list":["post-10732","post","type-post","status-publish","format-standard","has-post-thumbnail","hentry","category-vijesti","tag-438","tag-nocni-skok","tag-sa-mnom-pogrijesi"],"yoast_head":"<!-- This site is optimized with the Yoast SEO plugin v24.2 - https:\/\/yoast.com\/wordpress\/plugins\/seo\/ -->\n<title>No\u010dni skok predstavlja novu autorsku pjesmu \u2013 &quot;Sa mnom pogrije\u0161i&quot; - CMC festival Vodice<\/title>\n<meta name=\"robots\" content=\"index, follow, max-snippet:-1, max-image-preview:large, max-video-preview:-1\" \/>\n<link rel=\"canonical\" href=\"https:\/\/cmcfestival.com.hr\/?p=10732\" \/>\n<meta property=\"og:locale\" content=\"hr_HR\" \/>\n<meta property=\"og:type\" content=\"article\" \/>\n<meta property=\"og:title\" content=\"No\u010dni skok predstavlja novu autorsku pjesmu \u2013 &quot;Sa mnom pogrije\u0161i&quot; - CMC festival Vodice\" \/>\n<meta property=\"og:description\" content=\"Grupa No\u010dni skok, sastavljena od glazbenika iz cijele Slovenije, predstavlja svoju novu autorsku pjesmu pod nazivom Sa mnom pogrije\u0161i. Ovaj glazbeni projekt nastao je kao rezultat ozbiljnog rada, dugogodi\u0161njeg iskustva i istinske ljubavi prema glazbi.\" \/>\n<meta property=\"og:url\" content=\"https:\/\/cmcfestival.com.hr\/?p=10732\" \/>\n<meta property=\"og:site_name\" content=\"CMC festival Vodice\" \/>\n<meta property=\"article:published_time\" content=\"2025-05-29T12:16:44+00:00\" \/>\n<meta property=\"og:image\" content=\"https:\/\/cmcfestival.com.hr\/wp-content\/uploads\/2025\/05\/Nocni-skok-scaled.jpg\" \/>\n\t<meta property=\"og:image:width\" content=\"2560\" \/>\n\t<meta property=\"og:image:height\" content=\"1920\" \/>\n\t<meta property=\"og:image:type\" content=\"image\/jpeg\" \/>\n<meta name=\"author\" content=\"Dora Skare\" \/>\n<meta name=\"twitter:card\" content=\"summary_large_image\" \/>\n<meta name=\"twitter:label1\" content=\"Napisao\/la\" \/>\n\t<meta name=\"twitter:data1\" content=\"Dora Skare\" \/>\n\t<meta name=\"twitter:label2\" content=\"Procijenjeno vrijeme \u010ditanja\" \/>\n\t<meta name=\"twitter:data2\" content=\"2 minute\" \/>\n<script type=\"application\/ld+json\" class=\"yoast-schema-graph\">{\"@context\":\"https:\/\/schema.org\",\"@graph\":[{\"@type\":\"WebPage\",\"@id\":\"https:\/\/cmcfestival.com.hr\/?p=10732\",\"url\":\"https:\/\/cmcfestival.com.hr\/?p=10732\",\"name\":\"No\u010dni skok predstavlja novu autorsku pjesmu \u2013 \\\"Sa mnom pogrije\u0161i\\\" - CMC festival Vodice\",\"isPartOf\":{\"@id\":\"https:\/\/cmcfestival.com.hr\/#website\"},\"primaryImageOfPage\":{\"@id\":\"https:\/\/cmcfestival.com.hr\/?p=10732#primaryimage\"},\"image\":{\"@id\":\"https:\/\/cmcfestival.com.hr\/?p=10732#primaryimage\"},\"thumbnailUrl\":\"https:\/\/cmcfestival.com.hr\/wp-content\/uploads\/2025\/05\/Nocni-skok-scaled.jpg\",\"datePublished\":\"2025-05-29T12:16:44+00:00\",\"dateModified\":\"2025-05-29T12:16:44+00:00\",\"author\":{\"@id\":\"https:\/\/cmcfestival.com.hr\/#\/schema\/person\/d47ca425a09a61ff5e7630c97a1686c0\"},\"breadcrumb\":{\"@id\":\"https:\/\/cmcfestival.com.hr\/?p=10732#breadcrumb\"},\"inLanguage\":\"hr\",\"potentialAction\":[{\"@type\":\"ReadAction\",\"target\":[\"https:\/\/cmcfestival.com.hr\/?p=10732\"]}]},{\"@type\":\"ImageObject\",\"inLanguage\":\"hr\",\"@id\":\"https:\/\/cmcfestival.com.hr\/?p=10732#primaryimage\",\"url\":\"https:\/\/cmcfestival.com.hr\/wp-content\/uploads\/2025\/05\/Nocni-skok-scaled.jpg\",\"contentUrl\":\"https:\/\/cmcfestival.com.hr\/wp-content\/uploads\/2025\/05\/Nocni-skok-scaled.jpg\",\"width\":2560,\"height\":1920},{\"@type\":\"BreadcrumbList\",\"@id\":\"https:\/\/cmcfestival.com.hr\/?p=10732#breadcrumb\",\"itemListElement\":[{\"@type\":\"ListItem\",\"position\":1,\"name\":\"Po\u010detna stranica\",\"item\":\"https:\/\/cmcfestival.com.hr\/\"},{\"@type\":\"ListItem\",\"position\":2,\"name\":\"No\u010dni skok predstavlja novu autorsku pjesmu \u2013 &#8220;Sa mnom pogrije\u0161i&#8221;\"}]},{\"@type\":\"WebSite\",\"@id\":\"https:\/\/cmcfestival.com.hr\/#website\",\"url\":\"https:\/\/cmcfestival.com.hr\/\",\"name\":\"CMC festival Vodice\",\"description\":\"2026\",\"potentialAction\":[{\"@type\":\"SearchAction\",\"target\":{\"@type\":\"EntryPoint\",\"urlTemplate\":\"https:\/\/cmcfestival.com.hr\/?s={search_term_string}\"},\"query-input\":{\"@type\":\"PropertyValueSpecification\",\"valueRequired\":true,\"valueName\":\"search_term_string\"}}],\"inLanguage\":\"hr\"},{\"@type\":\"Person\",\"@id\":\"https:\/\/cmcfestival.com.hr\/#\/schema\/person\/d47ca425a09a61ff5e7630c97a1686c0\",\"name\":\"Dora Skare\",\"url\":\"https:\/\/cmcfestival.com.hr\/?author=5\"}]}<\/script>\n<!-- \/ Yoast SEO plugin. -->","yoast_head_json":{"title":"No\u010dni skok predstavlja novu autorsku pjesmu \u2013 \"Sa mnom pogrije\u0161i\" - CMC festival Vodice","robots":{"index":"index","follow":"follow","max-snippet":"max-snippet:-1","max-image-preview":"max-image-preview:large","max-video-preview":"max-video-preview:-1"},"canonical":"https:\/\/cmcfestival.com.hr\/?p=10732","og_locale":"hr_HR","og_type":"article","og_title":"No\u010dni skok predstavlja novu autorsku pjesmu \u2013 \"Sa mnom pogrije\u0161i\" - CMC festival Vodice","og_description":"Grupa No\u010dni skok, sastavljena od glazbenika iz cijele Slovenije, predstavlja svoju novu autorsku pjesmu pod nazivom Sa mnom pogrije\u0161i. Ovaj glazbeni projekt nastao je kao rezultat ozbiljnog rada, dugogodi\u0161njeg iskustva i istinske ljubavi prema glazbi.","og_url":"https:\/\/cmcfestival.com.hr\/?p=10732","og_site_name":"CMC festival Vodice","article_published_time":"2025-05-29T12:16:44+00:00","og_image":[{"width":2560,"height":1920,"url":"https:\/\/cmcfestival.com.hr\/wp-content\/uploads\/2025\/05\/Nocni-skok-scaled.jpg","type":"image\/jpeg"}],"author":"Dora Skare","twitter_card":"summary_large_image","twitter_misc":{"Napisao\/la":"Dora Skare","Procijenjeno vrijeme \u010ditanja":"2 minute"},"schema":{"@context":"https:\/\/schema.org","@graph":[{"@type":"WebPage","@id":"https:\/\/cmcfestival.com.hr\/?p=10732","url":"https:\/\/cmcfestival.com.hr\/?p=10732","name":"No\u010dni skok predstavlja novu autorsku pjesmu \u2013 \"Sa mnom pogrije\u0161i\" - CMC festival Vodice","isPartOf":{"@id":"https:\/\/cmcfestival.com.hr\/#website"},"primaryImageOfPage":{"@id":"https:\/\/cmcfestival.com.hr\/?p=10732#primaryimage"},"image":{"@id":"https:\/\/cmcfestival.com.hr\/?p=10732#primaryimage"},"thumbnailUrl":"https:\/\/cmcfestival.com.hr\/wp-content\/uploads\/2025\/05\/Nocni-skok-scaled.jpg","datePublished":"2025-05-29T12:16:44+00:00","dateModified":"2025-05-29T12:16:44+00:00","author":{"@id":"https:\/\/cmcfestival.com.hr\/#\/schema\/person\/d47ca425a09a61ff5e7630c97a1686c0"},"breadcrumb":{"@id":"https:\/\/cmcfestival.com.hr\/?p=10732#breadcrumb"},"inLanguage":"hr","potentialAction":[{"@type":"ReadAction","target":["https:\/\/cmcfestival.com.hr\/?p=10732"]}]},{"@type":"ImageObject","inLanguage":"hr","@id":"https:\/\/cmcfestival.com.hr\/?p=10732#primaryimage","url":"https:\/\/cmcfestival.com.hr\/wp-content\/uploads\/2025\/05\/Nocni-skok-scaled.jpg","contentUrl":"https:\/\/cmcfestival.com.hr\/wp-content\/uploads\/2025\/05\/Nocni-skok-scaled.jpg","width":2560,"height":1920},{"@type":"BreadcrumbList","@id":"https:\/\/cmcfestival.com.hr\/?p=10732#breadcrumb","itemListElement":[{"@type":"ListItem","position":1,"name":"Po\u010detna stranica","item":"https:\/\/cmcfestival.com.hr\/"},{"@type":"ListItem","position":2,"name":"No\u010dni skok predstavlja novu autorsku pjesmu \u2013 &#8220;Sa mnom pogrije\u0161i&#8221;"}]},{"@type":"WebSite","@id":"https:\/\/cmcfestival.com.hr\/#website","url":"https:\/\/cmcfestival.com.hr\/","name":"CMC festival Vodice","description":"2026","potentialAction":[{"@type":"SearchAction","target":{"@type":"EntryPoint","urlTemplate":"https:\/\/cmcfestival.com.hr\/?s={search_term_string}"},"query-input":{"@type":"PropertyValueSpecification","valueRequired":true,"valueName":"search_term_string"}}],"inLanguage":"hr"},{"@type":"Person","@id":"https:\/\/cmcfestival.com.hr\/#\/schema\/person\/d47ca425a09a61ff5e7630c97a1686c0","name":"Dora Skare","url":"https:\/\/cmcfestival.com.hr\/?author=5"}]}},"jetpack_featured_media_url":"https:\/\/cmcfestival.com.hr\/wp-content\/uploads\/2025\/05\/Nocni-skok-scaled.jpg","jetpack_sharing_enabled":true,"_links":{"self":[{"href":"https:\/\/cmcfestival.com.hr\/index.php?rest_route=\/wp\/v2\/posts\/10732","targetHints":{"allow":["GET"]}}],"collection":[{"href":"https:\/\/cmcfestival.com.hr\/index.php?rest_route=\/wp\/v2\/posts"}],"about":[{"href":"https:\/\/cmcfestival.com.hr\/index.php?rest_route=\/wp\/v2\/types\/post"}],"author":[{"embeddable":true,"href":"https:\/\/cmcfestival.com.hr\/index.php?rest_route=\/wp\/v2\/users\/5"}],"replies":[{"embeddable":true,"href":"https:\/\/cmcfestival.com.hr\/index.php?rest_route=%2Fwp%2Fv2%2Fcomments&post=10732"}],"version-history":[{"count":1,"href":"https:\/\/cmcfestival.com.hr\/index.php?rest_route=\/wp\/v2\/posts\/10732\/revisions"}],"predecessor-version":[{"id":10734,"href":"https:\/\/cmcfestival.com.hr\/index.php?rest_route=\/wp\/v2\/posts\/10732\/revisions\/10734"}],"wp:featuredmedia":[{"embeddable":true,"href":"https:\/\/cmcfestival.com.hr\/index.php?rest_route=\/wp\/v2\/media\/10733"}],"wp:attachment":[{"href":"https:\/\/cmcfestival.com.hr\/index.php?rest_route=%2Fwp%2Fv2%2Fmedia&parent=10732"}],"wp:term":[{"taxonomy":"category","embeddable":true,"href":"https:\/\/cmcfestival.com.hr\/index.php?rest_route=%2Fwp%2Fv2%2Fcategories&post=10732"},{"taxonomy":"post_tag","embeddable":true,"href":"https:\/\/cmcfestival.com.hr\/index.php?rest_route=%2Fwp%2Fv2%2Ftags&post=10732"}],"curies":[{"name":"wp","href":"https:\/\/api.w.org\/{rel}","templated":true}]}}