{"id":10869,"date":"2026-04-30T09:53:07","date_gmt":"2026-04-30T08:53:07","guid":{"rendered":"https:\/\/cmcfestival.com.hr\/?p=10869"},"modified":"2026-04-30T09:53:07","modified_gmt":"2026-04-30T08:53:07","slug":"zeljko-kruslin-kruska-i-latino-predstavljaju-pjesmu-samo-s-tobom-na-cmc-festival","status":"publish","type":"post","link":"https:\/\/cmcfestival.com.hr\/?p=10869","title":{"rendered":"\u017deljko Kru\u0161lin Kru\u0161ka i Latino predstavljaju pjesmu Samo s tobom na CMC Festival"},"content":{"rendered":"<p><strong>Na pozornicu CMC Festivala ove godine sti\u017eu \u017deljko Kru\u0161lin Kru\u0161ka i Latino s novom pjesmom <em>Samo s tobom<\/em>.<\/strong><\/p>\n<p><em>&#8220;Dolazimo s novom pjesmom koja je u duhu ljubavi, nade i vjere da, kad sve drugo nestane, ljubav\u00a0uvijek ostaje&#8221;<\/em>, <strong>rekao je \u017deljko Kru\u0161lin Kru\u0161ka.<\/strong><\/p>\n<p>Festivalska pozornica i ove godine okuplja razli\u010dite glazbene pri\u010de, a ova donosi posebnu toplinu koju \u0107e publika u Vodice zasigurno prepoznati.<\/p>\n<p><em>&#8220;Vodice su prekrasan grad,\u00a0te\u0161ko je re\u0107i \u0161to je bolje: hrana, smje\u0161taj, zabava ili dru\u017eenje s kolegama. Uvijek je sjajno!&#8221;<\/em>, <strong>dodaje Kru\u0161ka.<\/strong><\/p>\n<p>Vodi\u010dka publika zasigurno se za\u017eeljela Kru\u0161ke i njegova Latina, a njihov povratak na festivalsku pozornicu bit \u0107e prava prilika za jo\u0161 jednu ve\u010der ispunjenu dobrom atmosferom i nezaboravnim provodom.<\/p>\n<p><iframe loading=\"lazy\" title=\"\u017deljko Kru\u0161lin Kru\u0161ka &amp; Latino - Samo s tobom (Official video)\" src=\"https:\/\/www.youtube.com\/embed\/d5cjfIQIGHU?list=RDd5cjfIQIGHU\" width=\"1331\" height=\"749\" frameborder=\"0\" allowfullscreen=\"allowfullscreen\"><\/iframe><\/p>\n","protected":false},"excerpt":{"rendered":"<p>Na pozornicu CMC Festivala ove godine sti\u017eu \u017deljko Kru\u0161lin Kru\u0161ka i Latino s novom pjesmom Samo s tobom. &#8220;Dolazimo s novom pjesmom koja je u duhu ljubavi, nade i vjere da, kad sve drugo nestane, ljubav\u00a0uvijek ostaje&#8221;, rekao je \u017deljko Kru\u0161lin Kru\u0161ka. Festivalska pozornica i&#8230;<\/p>\n","protected":false},"author":5,"featured_media":10870,"comment_status":"closed","ping_status":"closed","sticky":false,"template":"","format":"standard","meta":{"_jetpack_memberships_contains_paid_content":false,"footnotes":""},"categories":[60],"tags":[469,324],"class_list":["post-10869","post","type-post","status-publish","format-standard","has-post-thumbnail","hentry","category-vijesti","tag-469","tag-zeljko-kruslin-kruska"],"yoast_head":"<!-- This site is optimized with the Yoast SEO plugin v24.2 - https:\/\/yoast.com\/wordpress\/plugins\/seo\/ -->\n<title>\u017deljko Kru\u0161lin Kru\u0161ka i Latino predstavljaju pjesmu Samo s tobom na CMC Festival - CMC festival Vodice<\/title>\n<meta name=\"robots\" content=\"index, follow, max-snippet:-1, max-image-preview:large, max-video-preview:-1\" \/>\n<link rel=\"canonical\" href=\"https:\/\/cmcfestival.com.hr\/?p=10869\" \/>\n<meta property=\"og:locale\" content=\"hr_HR\" \/>\n<meta property=\"og:type\" content=\"article\" \/>\n<meta property=\"og:title\" content=\"\u017deljko Kru\u0161lin Kru\u0161ka i Latino predstavljaju pjesmu Samo s tobom na CMC Festival - CMC festival Vodice\" \/>\n<meta property=\"og:description\" content=\"Na pozornicu CMC Festivala ove godine sti\u017eu \u017deljko Kru\u0161lin Kru\u0161ka i Latino s novom pjesmom Samo s tobom. &#8220;Dolazimo s novom pjesmom koja je u duhu ljubavi, nade i vjere da, kad sve drugo nestane, ljubav\u00a0uvijek ostaje&#8221;, rekao je \u017deljko Kru\u0161lin Kru\u0161ka. Festivalska pozornica i...\" \/>\n<meta property=\"og:url\" content=\"https:\/\/cmcfestival.com.hr\/?p=10869\" \/>\n<meta property=\"og:site_name\" content=\"CMC festival Vodice\" \/>\n<meta property=\"article:published_time\" content=\"2026-04-30T08:53:07+00:00\" \/>\n<meta property=\"og:image\" content=\"https:\/\/cmcfestival.com.hr\/wp-content\/uploads\/2026\/04\/KRUSKA-scaled.jpg\" \/>\n\t<meta property=\"og:image:width\" content=\"2560\" \/>\n\t<meta property=\"og:image:height\" content=\"1707\" \/>\n\t<meta property=\"og:image:type\" content=\"image\/jpeg\" \/>\n<meta name=\"author\" content=\"Dora Skare\" \/>\n<meta name=\"twitter:card\" content=\"summary_large_image\" \/>\n<meta name=\"twitter:label1\" content=\"Napisao\/la\" \/>\n\t<meta name=\"twitter:data1\" content=\"Dora Skare\" \/>\n\t<meta name=\"twitter:label2\" content=\"Procijenjeno vrijeme \u010ditanja\" \/>\n\t<meta name=\"twitter:data2\" content=\"1 minuta\" \/>\n<script type=\"application\/ld+json\" class=\"yoast-schema-graph\">{\"@context\":\"https:\/\/schema.org\",\"@graph\":[{\"@type\":\"WebPage\",\"@id\":\"https:\/\/cmcfestival.com.hr\/?p=10869\",\"url\":\"https:\/\/cmcfestival.com.hr\/?p=10869\",\"name\":\"\u017deljko Kru\u0161lin Kru\u0161ka i Latino predstavljaju pjesmu Samo s tobom na CMC Festival - CMC festival Vodice\",\"isPartOf\":{\"@id\":\"https:\/\/cmcfestival.com.hr\/#website\"},\"primaryImageOfPage\":{\"@id\":\"https:\/\/cmcfestival.com.hr\/?p=10869#primaryimage\"},\"image\":{\"@id\":\"https:\/\/cmcfestival.com.hr\/?p=10869#primaryimage\"},\"thumbnailUrl\":\"https:\/\/cmcfestival.com.hr\/wp-content\/uploads\/2026\/04\/KRUSKA-scaled.jpg\",\"datePublished\":\"2026-04-30T08:53:07+00:00\",\"dateModified\":\"2026-04-30T08:53:07+00:00\",\"author\":{\"@id\":\"https:\/\/cmcfestival.com.hr\/#\/schema\/person\/d47ca425a09a61ff5e7630c97a1686c0\"},\"breadcrumb\":{\"@id\":\"https:\/\/cmcfestival.com.hr\/?p=10869#breadcrumb\"},\"inLanguage\":\"hr\",\"potentialAction\":[{\"@type\":\"ReadAction\",\"target\":[\"https:\/\/cmcfestival.com.hr\/?p=10869\"]}]},{\"@type\":\"ImageObject\",\"inLanguage\":\"hr\",\"@id\":\"https:\/\/cmcfestival.com.hr\/?p=10869#primaryimage\",\"url\":\"https:\/\/cmcfestival.com.hr\/wp-content\/uploads\/2026\/04\/KRUSKA-scaled.jpg\",\"contentUrl\":\"https:\/\/cmcfestival.com.hr\/wp-content\/uploads\/2026\/04\/KRUSKA-scaled.jpg\",\"width\":2560,\"height\":1707},{\"@type\":\"BreadcrumbList\",\"@id\":\"https:\/\/cmcfestival.com.hr\/?p=10869#breadcrumb\",\"itemListElement\":[{\"@type\":\"ListItem\",\"position\":1,\"name\":\"Po\u010detna stranica\",\"item\":\"https:\/\/cmcfestival.com.hr\/\"},{\"@type\":\"ListItem\",\"position\":2,\"name\":\"\u017deljko Kru\u0161lin Kru\u0161ka i Latino predstavljaju pjesmu Samo s tobom na CMC Festival\"}]},{\"@type\":\"WebSite\",\"@id\":\"https:\/\/cmcfestival.com.hr\/#website\",\"url\":\"https:\/\/cmcfestival.com.hr\/\",\"name\":\"CMC festival Vodice\",\"description\":\"2026\",\"potentialAction\":[{\"@type\":\"SearchAction\",\"target\":{\"@type\":\"EntryPoint\",\"urlTemplate\":\"https:\/\/cmcfestival.com.hr\/?s={search_term_string}\"},\"query-input\":{\"@type\":\"PropertyValueSpecification\",\"valueRequired\":true,\"valueName\":\"search_term_string\"}}],\"inLanguage\":\"hr\"},{\"@type\":\"Person\",\"@id\":\"https:\/\/cmcfestival.com.hr\/#\/schema\/person\/d47ca425a09a61ff5e7630c97a1686c0\",\"name\":\"Dora Skare\",\"url\":\"https:\/\/cmcfestival.com.hr\/?author=5\"}]}<\/script>\n<!-- \/ Yoast SEO plugin. -->","yoast_head_json":{"title":"\u017deljko Kru\u0161lin Kru\u0161ka i Latino predstavljaju pjesmu Samo s tobom na CMC Festival - CMC festival Vodice","robots":{"index":"index","follow":"follow","max-snippet":"max-snippet:-1","max-image-preview":"max-image-preview:large","max-video-preview":"max-video-preview:-1"},"canonical":"https:\/\/cmcfestival.com.hr\/?p=10869","og_locale":"hr_HR","og_type":"article","og_title":"\u017deljko Kru\u0161lin Kru\u0161ka i Latino predstavljaju pjesmu Samo s tobom na CMC Festival - CMC festival Vodice","og_description":"Na pozornicu CMC Festivala ove godine sti\u017eu \u017deljko Kru\u0161lin Kru\u0161ka i Latino s novom pjesmom Samo s tobom. &#8220;Dolazimo s novom pjesmom koja je u duhu ljubavi, nade i vjere da, kad sve drugo nestane, ljubav\u00a0uvijek ostaje&#8221;, rekao je \u017deljko Kru\u0161lin Kru\u0161ka. Festivalska pozornica i...","og_url":"https:\/\/cmcfestival.com.hr\/?p=10869","og_site_name":"CMC festival Vodice","article_published_time":"2026-04-30T08:53:07+00:00","og_image":[{"width":2560,"height":1707,"url":"https:\/\/cmcfestival.com.hr\/wp-content\/uploads\/2026\/04\/KRUSKA-scaled.jpg","type":"image\/jpeg"}],"author":"Dora Skare","twitter_card":"summary_large_image","twitter_misc":{"Napisao\/la":"Dora Skare","Procijenjeno vrijeme \u010ditanja":"1 minuta"},"schema":{"@context":"https:\/\/schema.org","@graph":[{"@type":"WebPage","@id":"https:\/\/cmcfestival.com.hr\/?p=10869","url":"https:\/\/cmcfestival.com.hr\/?p=10869","name":"\u017deljko Kru\u0161lin Kru\u0161ka i Latino predstavljaju pjesmu Samo s tobom na CMC Festival - CMC festival Vodice","isPartOf":{"@id":"https:\/\/cmcfestival.com.hr\/#website"},"primaryImageOfPage":{"@id":"https:\/\/cmcfestival.com.hr\/?p=10869#primaryimage"},"image":{"@id":"https:\/\/cmcfestival.com.hr\/?p=10869#primaryimage"},"thumbnailUrl":"https:\/\/cmcfestival.com.hr\/wp-content\/uploads\/2026\/04\/KRUSKA-scaled.jpg","datePublished":"2026-04-30T08:53:07+00:00","dateModified":"2026-04-30T08:53:07+00:00","author":{"@id":"https:\/\/cmcfestival.com.hr\/#\/schema\/person\/d47ca425a09a61ff5e7630c97a1686c0"},"breadcrumb":{"@id":"https:\/\/cmcfestival.com.hr\/?p=10869#breadcrumb"},"inLanguage":"hr","potentialAction":[{"@type":"ReadAction","target":["https:\/\/cmcfestival.com.hr\/?p=10869"]}]},{"@type":"ImageObject","inLanguage":"hr","@id":"https:\/\/cmcfestival.com.hr\/?p=10869#primaryimage","url":"https:\/\/cmcfestival.com.hr\/wp-content\/uploads\/2026\/04\/KRUSKA-scaled.jpg","contentUrl":"https:\/\/cmcfestival.com.hr\/wp-content\/uploads\/2026\/04\/KRUSKA-scaled.jpg","width":2560,"height":1707},{"@type":"BreadcrumbList","@id":"https:\/\/cmcfestival.com.hr\/?p=10869#breadcrumb","itemListElement":[{"@type":"ListItem","position":1,"name":"Po\u010detna stranica","item":"https:\/\/cmcfestival.com.hr\/"},{"@type":"ListItem","position":2,"name":"\u017deljko Kru\u0161lin Kru\u0161ka i Latino predstavljaju pjesmu Samo s tobom na CMC Festival"}]},{"@type":"WebSite","@id":"https:\/\/cmcfestival.com.hr\/#website","url":"https:\/\/cmcfestival.com.hr\/","name":"CMC festival Vodice","description":"2026","potentialAction":[{"@type":"SearchAction","target":{"@type":"EntryPoint","urlTemplate":"https:\/\/cmcfestival.com.hr\/?s={search_term_string}"},"query-input":{"@type":"PropertyValueSpecification","valueRequired":true,"valueName":"search_term_string"}}],"inLanguage":"hr"},{"@type":"Person","@id":"https:\/\/cmcfestival.com.hr\/#\/schema\/person\/d47ca425a09a61ff5e7630c97a1686c0","name":"Dora Skare","url":"https:\/\/cmcfestival.com.hr\/?author=5"}]}},"jetpack_featured_media_url":"https:\/\/cmcfestival.com.hr\/wp-content\/uploads\/2026\/04\/KRUSKA-scaled.jpg","jetpack_sharing_enabled":true,"_links":{"self":[{"href":"https:\/\/cmcfestival.com.hr\/index.php?rest_route=\/wp\/v2\/posts\/10869","targetHints":{"allow":["GET"]}}],"collection":[{"href":"https:\/\/cmcfestival.com.hr\/index.php?rest_route=\/wp\/v2\/posts"}],"about":[{"href":"https:\/\/cmcfestival.com.hr\/index.php?rest_route=\/wp\/v2\/types\/post"}],"author":[{"embeddable":true,"href":"https:\/\/cmcfestival.com.hr\/index.php?rest_route=\/wp\/v2\/users\/5"}],"replies":[{"embeddable":true,"href":"https:\/\/cmcfestival.com.hr\/index.php?rest_route=%2Fwp%2Fv2%2Fcomments&post=10869"}],"version-history":[{"count":1,"href":"https:\/\/cmcfestival.com.hr\/index.php?rest_route=\/wp\/v2\/posts\/10869\/revisions"}],"predecessor-version":[{"id":10871,"href":"https:\/\/cmcfestival.com.hr\/index.php?rest_route=\/wp\/v2\/posts\/10869\/revisions\/10871"}],"wp:featuredmedia":[{"embeddable":true,"href":"https:\/\/cmcfestival.com.hr\/index.php?rest_route=\/wp\/v2\/media\/10870"}],"wp:attachment":[{"href":"https:\/\/cmcfestival.com.hr\/index.php?rest_route=%2Fwp%2Fv2%2Fmedia&parent=10869"}],"wp:term":[{"taxonomy":"category","embeddable":true,"href":"https:\/\/cmcfestival.com.hr\/index.php?rest_route=%2Fwp%2Fv2%2Fcategories&post=10869"},{"taxonomy":"post_tag","embeddable":true,"href":"https:\/\/cmcfestival.com.hr\/index.php?rest_route=%2Fwp%2Fv2%2Ftags&post=10869"}],"curies":[{"name":"wp","href":"https:\/\/api.w.org\/{rel}","templated":true}]}}