{"id":8926,"date":"2021-05-09T10:36:20","date_gmt":"2021-05-09T09:36:20","guid":{"rendered":"https:\/\/cmcfestival.com.hr\/v2\/?p=8926"},"modified":"2021-05-14T10:17:49","modified_gmt":"2021-05-14T09:17:49","slug":"nemoj-cekat-sutra-porucuje-vladimir-kocis-zec-pred-nastup-na-cmc-festivalu-u-vodicama","status":"publish","type":"post","link":"https:\/\/cmcfestival.com.hr\/?p=8926","title":{"rendered":"&#8220;Nemoj \u010dekat&#8217; sutra&#8221;, poru\u010duje Vladimir Ko\u010di\u0161 Zec pred nastup na CMC festivalu u Vodicama"},"content":{"rendered":"<p><strong>Suradnja Vladimira Ko\u010di\u0161a Zeca s izdava\u010dkom ku\u0107om Croatia Records\u00a0koja traje jo\u0161 od 1969. godine ponovo se pokazuje uspje\u0161nom.<\/strong><\/p>\n<p><!--more--><\/p>\n<p>Novim singlom\u00a0<strong>&#8220;Nemoj \u010dekat&#8217; sutra&#8221;\u00a0<\/strong>Zec planira osvojiti srca publike\u00a0<strong>premijernom izvedbom na CMC Festivalu Vodice 2021<\/strong>. Veliki je to povratak\u00a0<strong>majstora radiofoni\u010dnog riffa, fraze i pjesme<\/strong>\u00a0na CMC Festival nakon \u0161to je posljednji puta odu\u0161evio vodi\u010dku publiku 2018. godine nastupom s pjesmom &#8220;Usne boje Venere&#8221;.<br \/>\n<em>&#8220;Volio bih da bude puno publike, ali jedva \u010dekam vidjeti i brojne kolege kako bi se mogla obnoviti neka stara prijateljstva. Vodice su lijepo mjesto gdje je uvijek opu\u0161tena atmosfera, a tamo sam \u010desto i s Novim fosilima bio&#8221;<\/em>,\u00a0<strong>rekao je Zec\u00a0<\/strong>koji se raduje novom susretu s vodi\u010dkom publikom.<\/p>\n<p><iframe loading=\"lazy\" title=\"Vladimir Ko\u010di\u0161 Zec - Nemoj \u010dekat&#039; sutra (Official video)\" width=\"1060\" height=\"596\" src=\"https:\/\/www.youtube.com\/embed\/0UlL1UXxTrc?feature=oembed\" frameborder=\"0\" allow=\"accelerometer; autoplay; clipboard-write; encrypted-media; gyroscope; picture-in-picture\" allowfullscreen><\/iframe><\/p>\n<p><strong>&#8220;Nemoj \u010dekat\u2019 sutra&#8221; vesela je ljubavna pjesma<\/strong>\u00a0za koju glazbu, tekst i aran\u017eman potpisuje upravo Ko\u010di\u0161 Zec, dok aran\u017eman puha\u010dke sekcije potpisuje\u00a0<strong>Ante Gelo<\/strong>. Iza produkcije izuzetno simpati\u010dnog video spota stoji\u00a0<strong>Zdravko Valentin<\/strong> koji je ve\u0107 godinama u glazbi kao autor, aran\u017eer, producent i redatelj.<\/p>\n<p><strong>U 73. godini \u017eivota Vladimir Ko\u010di\u0161 Zec<\/strong>\u00a0i dalje objavljuje hitove kao i na po\u010detku svoje 30 godina duge, uspje\u0161ne solo karijere, a nova pjesma izlazi nakon objave\u00a0<strong>sjajnog studijskog albuma &#8220;Nostalgija&#8221;<\/strong>\u00a0koji je odu\u0161evio publiku.<\/p>\n<p>Foto: Ivo Dunat \/ Klikam Studio<\/p>\n","protected":false},"excerpt":{"rendered":"<p>Suradnja Vladimira Ko\u010di\u0161a Zeca s izdava\u010dkom ku\u0107om Croatia Records\u00a0koja traje jo\u0161 od 1969. godine ponovo se pokazuje uspje\u0161nom.<\/p>\n","protected":false},"author":2,"featured_media":8446,"comment_status":"closed","ping_status":"closed","sticky":false,"template":"","format":"standard","meta":{"_jetpack_memberships_contains_paid_content":false,"footnotes":""},"categories":[60],"tags":[162,63,39,64,68,198,143,197,40],"class_list":["post-8926","post","type-post","status-publish","format-standard","has-post-thumbnail","hentry","category-vijesti","tag-162","tag-cmc","tag-cmc-festival","tag-festival","tag-ljeto","tag-nemoj-cekat-sutra","tag-novo","tag-vladimir-kocis-zec","tag-vodice"],"yoast_head":"<!-- This site is optimized with the Yoast SEO plugin v24.2 - https:\/\/yoast.com\/wordpress\/plugins\/seo\/ -->\n<title>&quot;Nemoj \u010dekat&#039; sutra&quot;, poru\u010duje Vladimir Ko\u010di\u0161 Zec pred nastup na CMC festivalu u Vodicama - CMC festival Vodice<\/title>\n<meta name=\"robots\" content=\"index, follow, max-snippet:-1, max-image-preview:large, max-video-preview:-1\" \/>\n<link rel=\"canonical\" href=\"https:\/\/cmcfestival.com.hr\/?p=8926\" \/>\n<meta property=\"og:locale\" content=\"hr_HR\" \/>\n<meta property=\"og:type\" content=\"article\" \/>\n<meta property=\"og:title\" content=\"&quot;Nemoj \u010dekat&#039; sutra&quot;, poru\u010duje Vladimir Ko\u010di\u0161 Zec pred nastup na CMC festivalu u Vodicama - CMC festival Vodice\" \/>\n<meta property=\"og:description\" content=\"Suradnja Vladimira Ko\u010di\u0161a Zeca s izdava\u010dkom ku\u0107om Croatia Records\u00a0koja traje jo\u0161 od 1969. godine ponovo se pokazuje uspje\u0161nom.\" \/>\n<meta property=\"og:url\" content=\"https:\/\/cmcfestival.com.hr\/?p=8926\" \/>\n<meta property=\"og:site_name\" content=\"CMC festival Vodice\" \/>\n<meta property=\"article:published_time\" content=\"2021-05-09T09:36:20+00:00\" \/>\n<meta property=\"article:modified_time\" content=\"2021-05-14T09:17:49+00:00\" \/>\n<meta property=\"og:image\" content=\"https:\/\/cmcfestival.com.hr\/wp-content\/uploads\/2020\/05\/Vladimir-Ko\u010di\u0161-Zec-IVO-DUNAT-KLIKAM-STUDIO..jpg\" \/>\n\t<meta property=\"og:image:width\" content=\"1500\" \/>\n\t<meta property=\"og:image:height\" content=\"1000\" \/>\n\t<meta property=\"og:image:type\" content=\"image\/jpeg\" \/>\n<meta name=\"author\" content=\"Nikola Kne\u017eevi\u0107\" \/>\n<meta name=\"twitter:card\" content=\"summary_large_image\" \/>\n<meta name=\"twitter:label1\" content=\"Napisao\/la\" \/>\n\t<meta name=\"twitter:data1\" content=\"Nikola Kne\u017eevi\u0107\" \/>\n\t<meta name=\"twitter:label2\" content=\"Procijenjeno vrijeme \u010ditanja\" \/>\n\t<meta name=\"twitter:data2\" content=\"1 minuta\" \/>\n<script type=\"application\/ld+json\" class=\"yoast-schema-graph\">{\"@context\":\"https:\/\/schema.org\",\"@graph\":[{\"@type\":\"WebPage\",\"@id\":\"https:\/\/cmcfestival.com.hr\/?p=8926\",\"url\":\"https:\/\/cmcfestival.com.hr\/?p=8926\",\"name\":\"\\\"Nemoj \u010dekat' sutra\\\", poru\u010duje Vladimir Ko\u010di\u0161 Zec pred nastup na CMC festivalu u Vodicama - CMC festival Vodice\",\"isPartOf\":{\"@id\":\"https:\/\/cmcfestival.com.hr\/#website\"},\"primaryImageOfPage\":{\"@id\":\"https:\/\/cmcfestival.com.hr\/?p=8926#primaryimage\"},\"image\":{\"@id\":\"https:\/\/cmcfestival.com.hr\/?p=8926#primaryimage\"},\"thumbnailUrl\":\"https:\/\/cmcfestival.com.hr\/wp-content\/uploads\/2020\/05\/Vladimir-Ko\u010di\u0161-Zec-IVO-DUNAT-KLIKAM-STUDIO..jpg\",\"datePublished\":\"2021-05-09T09:36:20+00:00\",\"dateModified\":\"2021-05-14T09:17:49+00:00\",\"author\":{\"@id\":\"https:\/\/cmcfestival.com.hr\/#\/schema\/person\/dce3a38bf96d6634adf5a01107389130\"},\"breadcrumb\":{\"@id\":\"https:\/\/cmcfestival.com.hr\/?p=8926#breadcrumb\"},\"inLanguage\":\"hr\",\"potentialAction\":[{\"@type\":\"ReadAction\",\"target\":[\"https:\/\/cmcfestival.com.hr\/?p=8926\"]}]},{\"@type\":\"ImageObject\",\"inLanguage\":\"hr\",\"@id\":\"https:\/\/cmcfestival.com.hr\/?p=8926#primaryimage\",\"url\":\"https:\/\/cmcfestival.com.hr\/wp-content\/uploads\/2020\/05\/Vladimir-Ko\u010di\u0161-Zec-IVO-DUNAT-KLIKAM-STUDIO..jpg\",\"contentUrl\":\"https:\/\/cmcfestival.com.hr\/wp-content\/uploads\/2020\/05\/Vladimir-Ko\u010di\u0161-Zec-IVO-DUNAT-KLIKAM-STUDIO..jpg\",\"width\":1500,\"height\":1000},{\"@type\":\"BreadcrumbList\",\"@id\":\"https:\/\/cmcfestival.com.hr\/?p=8926#breadcrumb\",\"itemListElement\":[{\"@type\":\"ListItem\",\"position\":1,\"name\":\"Po\u010detna stranica\",\"item\":\"https:\/\/cmcfestival.com.hr\/\"},{\"@type\":\"ListItem\",\"position\":2,\"name\":\"&#8220;Nemoj \u010dekat&#8217; sutra&#8221;, poru\u010duje Vladimir Ko\u010di\u0161 Zec pred nastup na CMC festivalu u Vodicama\"}]},{\"@type\":\"WebSite\",\"@id\":\"https:\/\/cmcfestival.com.hr\/#website\",\"url\":\"https:\/\/cmcfestival.com.hr\/\",\"name\":\"CMC festival Vodice\",\"description\":\"2026\",\"potentialAction\":[{\"@type\":\"SearchAction\",\"target\":{\"@type\":\"EntryPoint\",\"urlTemplate\":\"https:\/\/cmcfestival.com.hr\/?s={search_term_string}\"},\"query-input\":{\"@type\":\"PropertyValueSpecification\",\"valueRequired\":true,\"valueName\":\"search_term_string\"}}],\"inLanguage\":\"hr\"},{\"@type\":\"Person\",\"@id\":\"https:\/\/cmcfestival.com.hr\/#\/schema\/person\/dce3a38bf96d6634adf5a01107389130\",\"name\":\"Nikola Kne\u017eevi\u0107\",\"sameAs\":[\"http:\/\/CMC%20fest\"],\"url\":\"https:\/\/cmcfestival.com.hr\/?author=2\"}]}<\/script>\n<!-- \/ Yoast SEO plugin. -->","yoast_head_json":{"title":"\"Nemoj \u010dekat' sutra\", poru\u010duje Vladimir Ko\u010di\u0161 Zec pred nastup na CMC festivalu u Vodicama - CMC festival Vodice","robots":{"index":"index","follow":"follow","max-snippet":"max-snippet:-1","max-image-preview":"max-image-preview:large","max-video-preview":"max-video-preview:-1"},"canonical":"https:\/\/cmcfestival.com.hr\/?p=8926","og_locale":"hr_HR","og_type":"article","og_title":"\"Nemoj \u010dekat' sutra\", poru\u010duje Vladimir Ko\u010di\u0161 Zec pred nastup na CMC festivalu u Vodicama - CMC festival Vodice","og_description":"Suradnja Vladimira Ko\u010di\u0161a Zeca s izdava\u010dkom ku\u0107om Croatia Records\u00a0koja traje jo\u0161 od 1969. godine ponovo se pokazuje uspje\u0161nom.","og_url":"https:\/\/cmcfestival.com.hr\/?p=8926","og_site_name":"CMC festival Vodice","article_published_time":"2021-05-09T09:36:20+00:00","article_modified_time":"2021-05-14T09:17:49+00:00","og_image":[{"width":1500,"height":1000,"url":"https:\/\/cmcfestival.com.hr\/wp-content\/uploads\/2020\/05\/Vladimir-Ko\u010di\u0161-Zec-IVO-DUNAT-KLIKAM-STUDIO..jpg","type":"image\/jpeg"}],"author":"Nikola Kne\u017eevi\u0107","twitter_card":"summary_large_image","twitter_misc":{"Napisao\/la":"Nikola Kne\u017eevi\u0107","Procijenjeno vrijeme \u010ditanja":"1 minuta"},"schema":{"@context":"https:\/\/schema.org","@graph":[{"@type":"WebPage","@id":"https:\/\/cmcfestival.com.hr\/?p=8926","url":"https:\/\/cmcfestival.com.hr\/?p=8926","name":"\"Nemoj \u010dekat' sutra\", poru\u010duje Vladimir Ko\u010di\u0161 Zec pred nastup na CMC festivalu u Vodicama - CMC festival Vodice","isPartOf":{"@id":"https:\/\/cmcfestival.com.hr\/#website"},"primaryImageOfPage":{"@id":"https:\/\/cmcfestival.com.hr\/?p=8926#primaryimage"},"image":{"@id":"https:\/\/cmcfestival.com.hr\/?p=8926#primaryimage"},"thumbnailUrl":"https:\/\/cmcfestival.com.hr\/wp-content\/uploads\/2020\/05\/Vladimir-Ko\u010di\u0161-Zec-IVO-DUNAT-KLIKAM-STUDIO..jpg","datePublished":"2021-05-09T09:36:20+00:00","dateModified":"2021-05-14T09:17:49+00:00","author":{"@id":"https:\/\/cmcfestival.com.hr\/#\/schema\/person\/dce3a38bf96d6634adf5a01107389130"},"breadcrumb":{"@id":"https:\/\/cmcfestival.com.hr\/?p=8926#breadcrumb"},"inLanguage":"hr","potentialAction":[{"@type":"ReadAction","target":["https:\/\/cmcfestival.com.hr\/?p=8926"]}]},{"@type":"ImageObject","inLanguage":"hr","@id":"https:\/\/cmcfestival.com.hr\/?p=8926#primaryimage","url":"https:\/\/cmcfestival.com.hr\/wp-content\/uploads\/2020\/05\/Vladimir-Ko\u010di\u0161-Zec-IVO-DUNAT-KLIKAM-STUDIO..jpg","contentUrl":"https:\/\/cmcfestival.com.hr\/wp-content\/uploads\/2020\/05\/Vladimir-Ko\u010di\u0161-Zec-IVO-DUNAT-KLIKAM-STUDIO..jpg","width":1500,"height":1000},{"@type":"BreadcrumbList","@id":"https:\/\/cmcfestival.com.hr\/?p=8926#breadcrumb","itemListElement":[{"@type":"ListItem","position":1,"name":"Po\u010detna stranica","item":"https:\/\/cmcfestival.com.hr\/"},{"@type":"ListItem","position":2,"name":"&#8220;Nemoj \u010dekat&#8217; sutra&#8221;, poru\u010duje Vladimir Ko\u010di\u0161 Zec pred nastup na CMC festivalu u Vodicama"}]},{"@type":"WebSite","@id":"https:\/\/cmcfestival.com.hr\/#website","url":"https:\/\/cmcfestival.com.hr\/","name":"CMC festival Vodice","description":"2026","potentialAction":[{"@type":"SearchAction","target":{"@type":"EntryPoint","urlTemplate":"https:\/\/cmcfestival.com.hr\/?s={search_term_string}"},"query-input":{"@type":"PropertyValueSpecification","valueRequired":true,"valueName":"search_term_string"}}],"inLanguage":"hr"},{"@type":"Person","@id":"https:\/\/cmcfestival.com.hr\/#\/schema\/person\/dce3a38bf96d6634adf5a01107389130","name":"Nikola Kne\u017eevi\u0107","sameAs":["http:\/\/CMC%20fest"],"url":"https:\/\/cmcfestival.com.hr\/?author=2"}]}},"jetpack_featured_media_url":"https:\/\/cmcfestival.com.hr\/wp-content\/uploads\/2020\/05\/Vladimir-Ko\u010di\u0161-Zec-IVO-DUNAT-KLIKAM-STUDIO..jpg","jetpack_sharing_enabled":true,"_links":{"self":[{"href":"https:\/\/cmcfestival.com.hr\/index.php?rest_route=\/wp\/v2\/posts\/8926","targetHints":{"allow":["GET"]}}],"collection":[{"href":"https:\/\/cmcfestival.com.hr\/index.php?rest_route=\/wp\/v2\/posts"}],"about":[{"href":"https:\/\/cmcfestival.com.hr\/index.php?rest_route=\/wp\/v2\/types\/post"}],"author":[{"embeddable":true,"href":"https:\/\/cmcfestival.com.hr\/index.php?rest_route=\/wp\/v2\/users\/2"}],"replies":[{"embeddable":true,"href":"https:\/\/cmcfestival.com.hr\/index.php?rest_route=%2Fwp%2Fv2%2Fcomments&post=8926"}],"version-history":[{"count":1,"href":"https:\/\/cmcfestival.com.hr\/index.php?rest_route=\/wp\/v2\/posts\/8926\/revisions"}],"predecessor-version":[{"id":8927,"href":"https:\/\/cmcfestival.com.hr\/index.php?rest_route=\/wp\/v2\/posts\/8926\/revisions\/8927"}],"wp:featuredmedia":[{"embeddable":true,"href":"https:\/\/cmcfestival.com.hr\/index.php?rest_route=\/wp\/v2\/media\/8446"}],"wp:attachment":[{"href":"https:\/\/cmcfestival.com.hr\/index.php?rest_route=%2Fwp%2Fv2%2Fmedia&parent=8926"}],"wp:term":[{"taxonomy":"category","embeddable":true,"href":"https:\/\/cmcfestival.com.hr\/index.php?rest_route=%2Fwp%2Fv2%2Fcategories&post=8926"},{"taxonomy":"post_tag","embeddable":true,"href":"https:\/\/cmcfestival.com.hr\/index.php?rest_route=%2Fwp%2Fv2%2Ftags&post=8926"}],"curies":[{"name":"wp","href":"https:\/\/api.w.org\/{rel}","templated":true}]}}