{"id":9952,"date":"2022-06-07T16:46:25","date_gmt":"2022-06-07T15:46:25","guid":{"rendered":"https:\/\/cmcfestival.com.hr\/?p=9952"},"modified":"2022-06-07T16:46:25","modified_gmt":"2022-06-07T15:46:25","slug":"mile-perkov-ce-u-duetu-s-igorom-cukrovom-u-vodicama-zaista-biti-svoj-na-svome","status":"publish","type":"post","link":"https:\/\/cmcfestival.com.hr\/?p=9952","title":{"rendered":"Mile Perkov \u0107e u duetu s Igorom Cukrovom u Vodicama zaista biti &#8220;Svoj na svome&#8221;"},"content":{"rendered":"<p><strong>Mile Perkov\u00a0dobro je poznat vodi\u010dkoj publici, a\u00a0&#8220;Svoj na svome&#8221;\u00a0duet je s kojim \u0107e se na 14.\u00a0<span class=\"il\">CMC<\/span>\u00a0Festivalu predstaviti s\u00a0prijateljem Igorom Cukrovom. Sasvim sigurno ni\u0161ta nije te\u0161ko kada pjeva\u0161 na doma\u0107em terenu, ali su zato o\u010dekivanja uvijek velika.<\/strong><\/p>\n<p><!--more--><br \/>\nSpot je sniman u Tribunju i Vodicama, dronom je uhva\u0107en divan pogled na vodi\u010dki i \u0161ibenski arhipelag, a cijeli video oboga\u0107en je i predivnim zalaskom sunca.<\/p>\n<p><em>\u00a0&#8220;<span class=\"il\">CMC<\/span>\u00a0<span class=\"il\">festival<\/span>\u00a0u Vodicama mi predstavlja po\u010detak iznimno duge i naporne sezone, ali kad u sezonu u\u0111e\u0161 s ovakvim doga\u0111ajem, ni\u0161ta ti nakon toga nije te\u0161ko. Ovogodi\u0161nja pjesma nastala je prije koju godinu i iznimno mi je zadovoljstvo \u0161to ove godine ponovno s mojim velikim prijateljem Igorom Cukrovom zajedno pjevam tu pjesmu. Pjesma govori o ljubavi prema domovini i svevremenskoj poruci koju nama na\u0161i roditelji ostavljaju, a koju \u0107emo i mi svojoj djeci ostaviti\u201c,\u00a0<\/em>najavio je suradnju i emotivan nastup Mile.<\/p>\n<p><strong>Igor Cukrov <\/strong>nam je dobro poznat po svom nastupu na Euroviziji gdje nas je, uz Andreu \u0160u\u0161njaru, predstavljao pjesmom\u00a0<strong>&#8220;Lijepa Tena&#8221;<\/strong>. Dvojac Perkov &#8211; Cukrov pjevali su zajedno ve\u0107 prije desetak godina, a sada su se odlu\u010dili predstaviti na najve\u0107em festivalu doma\u0107e glazbe hitom\u00a0<strong>&#8220;Svoj na svome&#8221;.<\/strong><\/p>\n<p><strong>Pjesma je to za koju je glazbu i tekst Mile Perkov napisao sam, a za aran\u017eman koji je upotpunio pjesmu pobrinuo se Ante Toni Lasan.<\/strong><\/p>\n<p><iframe loading=\"lazy\" title=\"Mile Perkov i Igor Cukrov - Svoj na svome (Official video)\" width=\"1060\" height=\"596\" src=\"https:\/\/www.youtube.com\/embed\/sQdt99eDldg?feature=oembed\" frameborder=\"0\" allow=\"accelerometer; autoplay; clipboard-write; encrypted-media; gyroscope; picture-in-picture\" allowfullscreen><\/iframe><\/p>\n","protected":false},"excerpt":{"rendered":"<p>Mile Perkov\u00a0dobro je poznat vodi\u010dkoj publici, a\u00a0&#8220;Svoj na svome&#8221;\u00a0duet je s kojim \u0107e se na 14.\u00a0CMC\u00a0Festivalu predstaviti s\u00a0prijateljem Igorom Cukrovom. Sasvim sigurno ni\u0161ta nije te\u0161ko kada pjeva\u0161 na doma\u0107em terenu, ali su zato o\u010dekivanja uvijek velika.<\/p>\n","protected":false},"author":2,"featured_media":9953,"comment_status":"closed","ping_status":"closed","sticky":false,"template":"","format":"standard","meta":{"_jetpack_memberships_contains_paid_content":false,"footnotes":""},"categories":[60],"tags":[271,39,302,68,250,143,303,40],"class_list":["post-9952","post","type-post","status-publish","format-standard","has-post-thumbnail","hentry","category-vijesti","tag-271","tag-cmc-festival","tag-igor-cukrov","tag-ljeto","tag-mile-perkov","tag-novo","tag-svoj-na-svome","tag-vodice"],"yoast_head":"<!-- This site is optimized with the Yoast SEO plugin v24.2 - https:\/\/yoast.com\/wordpress\/plugins\/seo\/ -->\n<title>Mile Perkov \u0107e u duetu s Igorom Cukrovom u Vodicama zaista biti &quot;Svoj na svome&quot; - CMC festival Vodice<\/title>\n<meta name=\"robots\" content=\"index, follow, max-snippet:-1, max-image-preview:large, max-video-preview:-1\" \/>\n<link rel=\"canonical\" href=\"https:\/\/cmcfestival.com.hr\/?p=9952\" \/>\n<meta property=\"og:locale\" content=\"hr_HR\" \/>\n<meta property=\"og:type\" content=\"article\" \/>\n<meta property=\"og:title\" content=\"Mile Perkov \u0107e u duetu s Igorom Cukrovom u Vodicama zaista biti &quot;Svoj na svome&quot; - CMC festival Vodice\" \/>\n<meta property=\"og:description\" content=\"Mile Perkov\u00a0dobro je poznat vodi\u010dkoj publici, a\u00a0&#8220;Svoj na svome&#8221;\u00a0duet je s kojim \u0107e se na 14.\u00a0CMC\u00a0Festivalu predstaviti s\u00a0prijateljem Igorom Cukrovom. Sasvim sigurno ni\u0161ta nije te\u0161ko kada pjeva\u0161 na doma\u0107em terenu, ali su zato o\u010dekivanja uvijek velika.\" \/>\n<meta property=\"og:url\" content=\"https:\/\/cmcfestival.com.hr\/?p=9952\" \/>\n<meta property=\"og:site_name\" content=\"CMC festival Vodice\" \/>\n<meta property=\"article:published_time\" content=\"2022-06-07T15:46:25+00:00\" \/>\n<meta property=\"og:image\" content=\"https:\/\/cmcfestival.com.hr\/wp-content\/uploads\/2022\/06\/Mile-Perkov.jpg\" \/>\n\t<meta property=\"og:image:width\" content=\"1500\" \/>\n\t<meta property=\"og:image:height\" content=\"1000\" \/>\n\t<meta property=\"og:image:type\" content=\"image\/jpeg\" \/>\n<meta name=\"author\" content=\"Nikola Kne\u017eevi\u0107\" \/>\n<meta name=\"twitter:card\" content=\"summary_large_image\" \/>\n<meta name=\"twitter:label1\" content=\"Napisao\/la\" \/>\n\t<meta name=\"twitter:data1\" content=\"Nikola Kne\u017eevi\u0107\" \/>\n\t<meta name=\"twitter:label2\" content=\"Procijenjeno vrijeme \u010ditanja\" \/>\n\t<meta name=\"twitter:data2\" content=\"2 minute\" \/>\n<script type=\"application\/ld+json\" class=\"yoast-schema-graph\">{\"@context\":\"https:\/\/schema.org\",\"@graph\":[{\"@type\":\"WebPage\",\"@id\":\"https:\/\/cmcfestival.com.hr\/?p=9952\",\"url\":\"https:\/\/cmcfestival.com.hr\/?p=9952\",\"name\":\"Mile Perkov \u0107e u duetu s Igorom Cukrovom u Vodicama zaista biti \\\"Svoj na svome\\\" - CMC festival Vodice\",\"isPartOf\":{\"@id\":\"https:\/\/cmcfestival.com.hr\/#website\"},\"primaryImageOfPage\":{\"@id\":\"https:\/\/cmcfestival.com.hr\/?p=9952#primaryimage\"},\"image\":{\"@id\":\"https:\/\/cmcfestival.com.hr\/?p=9952#primaryimage\"},\"thumbnailUrl\":\"https:\/\/cmcfestival.com.hr\/wp-content\/uploads\/2022\/06\/Mile-Perkov.jpg\",\"datePublished\":\"2022-06-07T15:46:25+00:00\",\"dateModified\":\"2022-06-07T15:46:25+00:00\",\"author\":{\"@id\":\"https:\/\/cmcfestival.com.hr\/#\/schema\/person\/dce3a38bf96d6634adf5a01107389130\"},\"breadcrumb\":{\"@id\":\"https:\/\/cmcfestival.com.hr\/?p=9952#breadcrumb\"},\"inLanguage\":\"hr\",\"potentialAction\":[{\"@type\":\"ReadAction\",\"target\":[\"https:\/\/cmcfestival.com.hr\/?p=9952\"]}]},{\"@type\":\"ImageObject\",\"inLanguage\":\"hr\",\"@id\":\"https:\/\/cmcfestival.com.hr\/?p=9952#primaryimage\",\"url\":\"https:\/\/cmcfestival.com.hr\/wp-content\/uploads\/2022\/06\/Mile-Perkov.jpg\",\"contentUrl\":\"https:\/\/cmcfestival.com.hr\/wp-content\/uploads\/2022\/06\/Mile-Perkov.jpg\",\"width\":1500,\"height\":1000},{\"@type\":\"BreadcrumbList\",\"@id\":\"https:\/\/cmcfestival.com.hr\/?p=9952#breadcrumb\",\"itemListElement\":[{\"@type\":\"ListItem\",\"position\":1,\"name\":\"Po\u010detna stranica\",\"item\":\"https:\/\/cmcfestival.com.hr\/\"},{\"@type\":\"ListItem\",\"position\":2,\"name\":\"Mile Perkov \u0107e u duetu s Igorom Cukrovom u Vodicama zaista biti &#8220;Svoj na svome&#8221;\"}]},{\"@type\":\"WebSite\",\"@id\":\"https:\/\/cmcfestival.com.hr\/#website\",\"url\":\"https:\/\/cmcfestival.com.hr\/\",\"name\":\"CMC festival Vodice\",\"description\":\"2026\",\"potentialAction\":[{\"@type\":\"SearchAction\",\"target\":{\"@type\":\"EntryPoint\",\"urlTemplate\":\"https:\/\/cmcfestival.com.hr\/?s={search_term_string}\"},\"query-input\":{\"@type\":\"PropertyValueSpecification\",\"valueRequired\":true,\"valueName\":\"search_term_string\"}}],\"inLanguage\":\"hr\"},{\"@type\":\"Person\",\"@id\":\"https:\/\/cmcfestival.com.hr\/#\/schema\/person\/dce3a38bf96d6634adf5a01107389130\",\"name\":\"Nikola Kne\u017eevi\u0107\",\"sameAs\":[\"http:\/\/CMC%20fest\"],\"url\":\"https:\/\/cmcfestival.com.hr\/?author=2\"}]}<\/script>\n<!-- \/ Yoast SEO plugin. -->","yoast_head_json":{"title":"Mile Perkov \u0107e u duetu s Igorom Cukrovom u Vodicama zaista biti \"Svoj na svome\" - CMC festival Vodice","robots":{"index":"index","follow":"follow","max-snippet":"max-snippet:-1","max-image-preview":"max-image-preview:large","max-video-preview":"max-video-preview:-1"},"canonical":"https:\/\/cmcfestival.com.hr\/?p=9952","og_locale":"hr_HR","og_type":"article","og_title":"Mile Perkov \u0107e u duetu s Igorom Cukrovom u Vodicama zaista biti \"Svoj na svome\" - CMC festival Vodice","og_description":"Mile Perkov\u00a0dobro je poznat vodi\u010dkoj publici, a\u00a0&#8220;Svoj na svome&#8221;\u00a0duet je s kojim \u0107e se na 14.\u00a0CMC\u00a0Festivalu predstaviti s\u00a0prijateljem Igorom Cukrovom. Sasvim sigurno ni\u0161ta nije te\u0161ko kada pjeva\u0161 na doma\u0107em terenu, ali su zato o\u010dekivanja uvijek velika.","og_url":"https:\/\/cmcfestival.com.hr\/?p=9952","og_site_name":"CMC festival Vodice","article_published_time":"2022-06-07T15:46:25+00:00","og_image":[{"width":1500,"height":1000,"url":"https:\/\/cmcfestival.com.hr\/wp-content\/uploads\/2022\/06\/Mile-Perkov.jpg","type":"image\/jpeg"}],"author":"Nikola Kne\u017eevi\u0107","twitter_card":"summary_large_image","twitter_misc":{"Napisao\/la":"Nikola Kne\u017eevi\u0107","Procijenjeno vrijeme \u010ditanja":"2 minute"},"schema":{"@context":"https:\/\/schema.org","@graph":[{"@type":"WebPage","@id":"https:\/\/cmcfestival.com.hr\/?p=9952","url":"https:\/\/cmcfestival.com.hr\/?p=9952","name":"Mile Perkov \u0107e u duetu s Igorom Cukrovom u Vodicama zaista biti \"Svoj na svome\" - CMC festival Vodice","isPartOf":{"@id":"https:\/\/cmcfestival.com.hr\/#website"},"primaryImageOfPage":{"@id":"https:\/\/cmcfestival.com.hr\/?p=9952#primaryimage"},"image":{"@id":"https:\/\/cmcfestival.com.hr\/?p=9952#primaryimage"},"thumbnailUrl":"https:\/\/cmcfestival.com.hr\/wp-content\/uploads\/2022\/06\/Mile-Perkov.jpg","datePublished":"2022-06-07T15:46:25+00:00","dateModified":"2022-06-07T15:46:25+00:00","author":{"@id":"https:\/\/cmcfestival.com.hr\/#\/schema\/person\/dce3a38bf96d6634adf5a01107389130"},"breadcrumb":{"@id":"https:\/\/cmcfestival.com.hr\/?p=9952#breadcrumb"},"inLanguage":"hr","potentialAction":[{"@type":"ReadAction","target":["https:\/\/cmcfestival.com.hr\/?p=9952"]}]},{"@type":"ImageObject","inLanguage":"hr","@id":"https:\/\/cmcfestival.com.hr\/?p=9952#primaryimage","url":"https:\/\/cmcfestival.com.hr\/wp-content\/uploads\/2022\/06\/Mile-Perkov.jpg","contentUrl":"https:\/\/cmcfestival.com.hr\/wp-content\/uploads\/2022\/06\/Mile-Perkov.jpg","width":1500,"height":1000},{"@type":"BreadcrumbList","@id":"https:\/\/cmcfestival.com.hr\/?p=9952#breadcrumb","itemListElement":[{"@type":"ListItem","position":1,"name":"Po\u010detna stranica","item":"https:\/\/cmcfestival.com.hr\/"},{"@type":"ListItem","position":2,"name":"Mile Perkov \u0107e u duetu s Igorom Cukrovom u Vodicama zaista biti &#8220;Svoj na svome&#8221;"}]},{"@type":"WebSite","@id":"https:\/\/cmcfestival.com.hr\/#website","url":"https:\/\/cmcfestival.com.hr\/","name":"CMC festival Vodice","description":"2026","potentialAction":[{"@type":"SearchAction","target":{"@type":"EntryPoint","urlTemplate":"https:\/\/cmcfestival.com.hr\/?s={search_term_string}"},"query-input":{"@type":"PropertyValueSpecification","valueRequired":true,"valueName":"search_term_string"}}],"inLanguage":"hr"},{"@type":"Person","@id":"https:\/\/cmcfestival.com.hr\/#\/schema\/person\/dce3a38bf96d6634adf5a01107389130","name":"Nikola Kne\u017eevi\u0107","sameAs":["http:\/\/CMC%20fest"],"url":"https:\/\/cmcfestival.com.hr\/?author=2"}]}},"jetpack_featured_media_url":"https:\/\/cmcfestival.com.hr\/wp-content\/uploads\/2022\/06\/Mile-Perkov.jpg","jetpack_sharing_enabled":true,"_links":{"self":[{"href":"https:\/\/cmcfestival.com.hr\/index.php?rest_route=\/wp\/v2\/posts\/9952","targetHints":{"allow":["GET"]}}],"collection":[{"href":"https:\/\/cmcfestival.com.hr\/index.php?rest_route=\/wp\/v2\/posts"}],"about":[{"href":"https:\/\/cmcfestival.com.hr\/index.php?rest_route=\/wp\/v2\/types\/post"}],"author":[{"embeddable":true,"href":"https:\/\/cmcfestival.com.hr\/index.php?rest_route=\/wp\/v2\/users\/2"}],"replies":[{"embeddable":true,"href":"https:\/\/cmcfestival.com.hr\/index.php?rest_route=%2Fwp%2Fv2%2Fcomments&post=9952"}],"version-history":[{"count":1,"href":"https:\/\/cmcfestival.com.hr\/index.php?rest_route=\/wp\/v2\/posts\/9952\/revisions"}],"predecessor-version":[{"id":9954,"href":"https:\/\/cmcfestival.com.hr\/index.php?rest_route=\/wp\/v2\/posts\/9952\/revisions\/9954"}],"wp:featuredmedia":[{"embeddable":true,"href":"https:\/\/cmcfestival.com.hr\/index.php?rest_route=\/wp\/v2\/media\/9953"}],"wp:attachment":[{"href":"https:\/\/cmcfestival.com.hr\/index.php?rest_route=%2Fwp%2Fv2%2Fmedia&parent=9952"}],"wp:term":[{"taxonomy":"category","embeddable":true,"href":"https:\/\/cmcfestival.com.hr\/index.php?rest_route=%2Fwp%2Fv2%2Fcategories&post=9952"},{"taxonomy":"post_tag","embeddable":true,"href":"https:\/\/cmcfestival.com.hr\/index.php?rest_route=%2Fwp%2Fv2%2Ftags&post=9952"}],"curies":[{"name":"wp","href":"https:\/\/api.w.org\/{rel}","templated":true}]}}