{"id":9982,"date":"2022-06-07T16:59:26","date_gmt":"2022-06-07T15:59:26","guid":{"rendered":"https:\/\/cmcfestival.com.hr\/?p=9982"},"modified":"2022-06-13T15:22:15","modified_gmt":"2022-06-13T14:22:15","slug":"petar-dragojevic-ce-pjesmom-vatra-i-voda-zapaliti-i-ugasiti-publiku-ispred-festivalske-pozornice","status":"publish","type":"post","link":"https:\/\/cmcfestival.com.hr\/?p=9982","title":{"rendered":"Petar Dragojevi\u0107 \u0107e pjesmom &#8220;Vatra i voda&#8221; zapaliti i ugasiti publiku ispred festivalske pozornice"},"content":{"rendered":"<p><strong>Petar Dragojevi\u0107 potegnut \u0107e iz Splita do Vodica te opjevati dvije vje\u010dne kontre,\u00a0&#8220;Vatru i vodu&#8221;.<\/strong><\/p>\n<p><!--more--><\/p>\n<p>Petar ne samo da \u0107e predstaviti novi singl ve\u0107 \u0107e zajedno s publikom proslaviti i objavu novog albuma tempiranog na sam vrhunac ovogodi\u0161njeg festivala, 11. lipnja!<\/p>\n<p><em>&#8220;Dolazi &#8216;Vatra i voda&#8217;, a s njom i ja u Vodice. S tom pjesmom najavljujem album koji \u0107e iza\u0107i 11.6., na dan festivala. Na albumu \u0107e biti 14 pjesama, odradio sam sve i veselim se predstavljanju. Vidimo se u Vodicama&#8221;<\/em><strong><em>,<\/em> najavio je promociju popularni Petar Dragojevi\u0107.<\/strong><\/p>\n<p><strong>Petar, vatra, voda i Vodice. Ljeto slu\u017ebeno mo\u017ee po\u010deti.<\/strong><\/p>\n","protected":false},"excerpt":{"rendered":"<p>Petar Dragojevi\u0107 potegnut \u0107e iz Splita do Vodica te opjevati dvije vje\u010dne kontre,\u00a0&#8220;Vatru i vodu&#8221;.<\/p>\n","protected":false},"author":2,"featured_media":9983,"comment_status":"closed","ping_status":"closed","sticky":false,"template":"","format":"standard","meta":{"_jetpack_memberships_contains_paid_content":false,"footnotes":""},"categories":[60],"tags":[271,39,68,143,319,320,40],"class_list":["post-9982","post","type-post","status-publish","format-standard","has-post-thumbnail","hentry","category-vijesti","tag-271","tag-cmc-festival","tag-ljeto","tag-novo","tag-petar-dagojevic","tag-vatra-i-voda","tag-vodice"],"yoast_head":"<!-- This site is optimized with the Yoast SEO plugin v24.2 - https:\/\/yoast.com\/wordpress\/plugins\/seo\/ -->\n<title>Petar Dragojevi\u0107 \u0107e pjesmom &quot;Vatra i voda&quot; zapaliti i ugasiti publiku ispred festivalske pozornice - CMC festival Vodice<\/title>\n<meta name=\"robots\" content=\"index, follow, max-snippet:-1, max-image-preview:large, max-video-preview:-1\" \/>\n<link rel=\"canonical\" href=\"https:\/\/cmcfestival.com.hr\/?p=9982\" \/>\n<meta property=\"og:locale\" content=\"hr_HR\" \/>\n<meta property=\"og:type\" content=\"article\" \/>\n<meta property=\"og:title\" content=\"Petar Dragojevi\u0107 \u0107e pjesmom &quot;Vatra i voda&quot; zapaliti i ugasiti publiku ispred festivalske pozornice - CMC festival Vodice\" \/>\n<meta property=\"og:description\" content=\"Petar Dragojevi\u0107 potegnut \u0107e iz Splita do Vodica te opjevati dvije vje\u010dne kontre,\u00a0&#8220;Vatru i vodu&#8221;.\" \/>\n<meta property=\"og:url\" content=\"https:\/\/cmcfestival.com.hr\/?p=9982\" \/>\n<meta property=\"og:site_name\" content=\"CMC festival Vodice\" \/>\n<meta property=\"article:published_time\" content=\"2022-06-07T15:59:26+00:00\" \/>\n<meta property=\"article:modified_time\" content=\"2022-06-13T14:22:15+00:00\" \/>\n<meta property=\"og:image\" content=\"https:\/\/cmcfestival.com.hr\/wp-content\/uploads\/2022\/06\/Petar-Dragojevic.jpg\" \/>\n\t<meta property=\"og:image:width\" content=\"1500\" \/>\n\t<meta property=\"og:image:height\" content=\"1000\" \/>\n\t<meta property=\"og:image:type\" content=\"image\/jpeg\" \/>\n<meta name=\"author\" content=\"Nikola Kne\u017eevi\u0107\" \/>\n<meta name=\"twitter:card\" content=\"summary_large_image\" \/>\n<meta name=\"twitter:label1\" content=\"Napisao\/la\" \/>\n\t<meta name=\"twitter:data1\" content=\"Nikola Kne\u017eevi\u0107\" \/>\n\t<meta name=\"twitter:label2\" content=\"Procijenjeno vrijeme \u010ditanja\" \/>\n\t<meta name=\"twitter:data2\" content=\"1 minuta\" \/>\n<script type=\"application\/ld+json\" class=\"yoast-schema-graph\">{\"@context\":\"https:\/\/schema.org\",\"@graph\":[{\"@type\":\"WebPage\",\"@id\":\"https:\/\/cmcfestival.com.hr\/?p=9982\",\"url\":\"https:\/\/cmcfestival.com.hr\/?p=9982\",\"name\":\"Petar Dragojevi\u0107 \u0107e pjesmom \\\"Vatra i voda\\\" zapaliti i ugasiti publiku ispred festivalske pozornice - CMC festival Vodice\",\"isPartOf\":{\"@id\":\"https:\/\/cmcfestival.com.hr\/#website\"},\"primaryImageOfPage\":{\"@id\":\"https:\/\/cmcfestival.com.hr\/?p=9982#primaryimage\"},\"image\":{\"@id\":\"https:\/\/cmcfestival.com.hr\/?p=9982#primaryimage\"},\"thumbnailUrl\":\"https:\/\/cmcfestival.com.hr\/wp-content\/uploads\/2022\/06\/Petar-Dragojevic.jpg\",\"datePublished\":\"2022-06-07T15:59:26+00:00\",\"dateModified\":\"2022-06-13T14:22:15+00:00\",\"author\":{\"@id\":\"https:\/\/cmcfestival.com.hr\/#\/schema\/person\/dce3a38bf96d6634adf5a01107389130\"},\"breadcrumb\":{\"@id\":\"https:\/\/cmcfestival.com.hr\/?p=9982#breadcrumb\"},\"inLanguage\":\"hr\",\"potentialAction\":[{\"@type\":\"ReadAction\",\"target\":[\"https:\/\/cmcfestival.com.hr\/?p=9982\"]}]},{\"@type\":\"ImageObject\",\"inLanguage\":\"hr\",\"@id\":\"https:\/\/cmcfestival.com.hr\/?p=9982#primaryimage\",\"url\":\"https:\/\/cmcfestival.com.hr\/wp-content\/uploads\/2022\/06\/Petar-Dragojevic.jpg\",\"contentUrl\":\"https:\/\/cmcfestival.com.hr\/wp-content\/uploads\/2022\/06\/Petar-Dragojevic.jpg\",\"width\":1500,\"height\":1000},{\"@type\":\"BreadcrumbList\",\"@id\":\"https:\/\/cmcfestival.com.hr\/?p=9982#breadcrumb\",\"itemListElement\":[{\"@type\":\"ListItem\",\"position\":1,\"name\":\"Po\u010detna stranica\",\"item\":\"https:\/\/cmcfestival.com.hr\/\"},{\"@type\":\"ListItem\",\"position\":2,\"name\":\"Petar Dragojevi\u0107 \u0107e pjesmom &#8220;Vatra i voda&#8221; zapaliti i ugasiti publiku ispred festivalske pozornice\"}]},{\"@type\":\"WebSite\",\"@id\":\"https:\/\/cmcfestival.com.hr\/#website\",\"url\":\"https:\/\/cmcfestival.com.hr\/\",\"name\":\"CMC festival Vodice\",\"description\":\"2026\",\"potentialAction\":[{\"@type\":\"SearchAction\",\"target\":{\"@type\":\"EntryPoint\",\"urlTemplate\":\"https:\/\/cmcfestival.com.hr\/?s={search_term_string}\"},\"query-input\":{\"@type\":\"PropertyValueSpecification\",\"valueRequired\":true,\"valueName\":\"search_term_string\"}}],\"inLanguage\":\"hr\"},{\"@type\":\"Person\",\"@id\":\"https:\/\/cmcfestival.com.hr\/#\/schema\/person\/dce3a38bf96d6634adf5a01107389130\",\"name\":\"Nikola Kne\u017eevi\u0107\",\"sameAs\":[\"http:\/\/CMC%20fest\"],\"url\":\"https:\/\/cmcfestival.com.hr\/?author=2\"}]}<\/script>\n<!-- \/ Yoast SEO plugin. -->","yoast_head_json":{"title":"Petar Dragojevi\u0107 \u0107e pjesmom \"Vatra i voda\" zapaliti i ugasiti publiku ispred festivalske pozornice - CMC festival Vodice","robots":{"index":"index","follow":"follow","max-snippet":"max-snippet:-1","max-image-preview":"max-image-preview:large","max-video-preview":"max-video-preview:-1"},"canonical":"https:\/\/cmcfestival.com.hr\/?p=9982","og_locale":"hr_HR","og_type":"article","og_title":"Petar Dragojevi\u0107 \u0107e pjesmom \"Vatra i voda\" zapaliti i ugasiti publiku ispred festivalske pozornice - CMC festival Vodice","og_description":"Petar Dragojevi\u0107 potegnut \u0107e iz Splita do Vodica te opjevati dvije vje\u010dne kontre,\u00a0&#8220;Vatru i vodu&#8221;.","og_url":"https:\/\/cmcfestival.com.hr\/?p=9982","og_site_name":"CMC festival Vodice","article_published_time":"2022-06-07T15:59:26+00:00","article_modified_time":"2022-06-13T14:22:15+00:00","og_image":[{"width":1500,"height":1000,"url":"https:\/\/cmcfestival.com.hr\/wp-content\/uploads\/2022\/06\/Petar-Dragojevic.jpg","type":"image\/jpeg"}],"author":"Nikola Kne\u017eevi\u0107","twitter_card":"summary_large_image","twitter_misc":{"Napisao\/la":"Nikola Kne\u017eevi\u0107","Procijenjeno vrijeme \u010ditanja":"1 minuta"},"schema":{"@context":"https:\/\/schema.org","@graph":[{"@type":"WebPage","@id":"https:\/\/cmcfestival.com.hr\/?p=9982","url":"https:\/\/cmcfestival.com.hr\/?p=9982","name":"Petar Dragojevi\u0107 \u0107e pjesmom \"Vatra i voda\" zapaliti i ugasiti publiku ispred festivalske pozornice - CMC festival Vodice","isPartOf":{"@id":"https:\/\/cmcfestival.com.hr\/#website"},"primaryImageOfPage":{"@id":"https:\/\/cmcfestival.com.hr\/?p=9982#primaryimage"},"image":{"@id":"https:\/\/cmcfestival.com.hr\/?p=9982#primaryimage"},"thumbnailUrl":"https:\/\/cmcfestival.com.hr\/wp-content\/uploads\/2022\/06\/Petar-Dragojevic.jpg","datePublished":"2022-06-07T15:59:26+00:00","dateModified":"2022-06-13T14:22:15+00:00","author":{"@id":"https:\/\/cmcfestival.com.hr\/#\/schema\/person\/dce3a38bf96d6634adf5a01107389130"},"breadcrumb":{"@id":"https:\/\/cmcfestival.com.hr\/?p=9982#breadcrumb"},"inLanguage":"hr","potentialAction":[{"@type":"ReadAction","target":["https:\/\/cmcfestival.com.hr\/?p=9982"]}]},{"@type":"ImageObject","inLanguage":"hr","@id":"https:\/\/cmcfestival.com.hr\/?p=9982#primaryimage","url":"https:\/\/cmcfestival.com.hr\/wp-content\/uploads\/2022\/06\/Petar-Dragojevic.jpg","contentUrl":"https:\/\/cmcfestival.com.hr\/wp-content\/uploads\/2022\/06\/Petar-Dragojevic.jpg","width":1500,"height":1000},{"@type":"BreadcrumbList","@id":"https:\/\/cmcfestival.com.hr\/?p=9982#breadcrumb","itemListElement":[{"@type":"ListItem","position":1,"name":"Po\u010detna stranica","item":"https:\/\/cmcfestival.com.hr\/"},{"@type":"ListItem","position":2,"name":"Petar Dragojevi\u0107 \u0107e pjesmom &#8220;Vatra i voda&#8221; zapaliti i ugasiti publiku ispred festivalske pozornice"}]},{"@type":"WebSite","@id":"https:\/\/cmcfestival.com.hr\/#website","url":"https:\/\/cmcfestival.com.hr\/","name":"CMC festival Vodice","description":"2026","potentialAction":[{"@type":"SearchAction","target":{"@type":"EntryPoint","urlTemplate":"https:\/\/cmcfestival.com.hr\/?s={search_term_string}"},"query-input":{"@type":"PropertyValueSpecification","valueRequired":true,"valueName":"search_term_string"}}],"inLanguage":"hr"},{"@type":"Person","@id":"https:\/\/cmcfestival.com.hr\/#\/schema\/person\/dce3a38bf96d6634adf5a01107389130","name":"Nikola Kne\u017eevi\u0107","sameAs":["http:\/\/CMC%20fest"],"url":"https:\/\/cmcfestival.com.hr\/?author=2"}]}},"jetpack_featured_media_url":"https:\/\/cmcfestival.com.hr\/wp-content\/uploads\/2022\/06\/Petar-Dragojevic.jpg","jetpack_sharing_enabled":true,"_links":{"self":[{"href":"https:\/\/cmcfestival.com.hr\/index.php?rest_route=\/wp\/v2\/posts\/9982","targetHints":{"allow":["GET"]}}],"collection":[{"href":"https:\/\/cmcfestival.com.hr\/index.php?rest_route=\/wp\/v2\/posts"}],"about":[{"href":"https:\/\/cmcfestival.com.hr\/index.php?rest_route=\/wp\/v2\/types\/post"}],"author":[{"embeddable":true,"href":"https:\/\/cmcfestival.com.hr\/index.php?rest_route=\/wp\/v2\/users\/2"}],"replies":[{"embeddable":true,"href":"https:\/\/cmcfestival.com.hr\/index.php?rest_route=%2Fwp%2Fv2%2Fcomments&post=9982"}],"version-history":[{"count":2,"href":"https:\/\/cmcfestival.com.hr\/index.php?rest_route=\/wp\/v2\/posts\/9982\/revisions"}],"predecessor-version":[{"id":9985,"href":"https:\/\/cmcfestival.com.hr\/index.php?rest_route=\/wp\/v2\/posts\/9982\/revisions\/9985"}],"wp:featuredmedia":[{"embeddable":true,"href":"https:\/\/cmcfestival.com.hr\/index.php?rest_route=\/wp\/v2\/media\/9983"}],"wp:attachment":[{"href":"https:\/\/cmcfestival.com.hr\/index.php?rest_route=%2Fwp%2Fv2%2Fmedia&parent=9982"}],"wp:term":[{"taxonomy":"category","embeddable":true,"href":"https:\/\/cmcfestival.com.hr\/index.php?rest_route=%2Fwp%2Fv2%2Fcategories&post=9982"},{"taxonomy":"post_tag","embeddable":true,"href":"https:\/\/cmcfestival.com.hr\/index.php?rest_route=%2Fwp%2Fv2%2Ftags&post=9982"}],"curies":[{"name":"wp","href":"https:\/\/api.w.org\/{rel}","templated":true}]}}