{"id":9989,"date":"2022-06-07T17:02:00","date_gmt":"2022-06-07T16:02:00","guid":{"rendered":"https:\/\/cmcfestival.com.hr\/?p=9989"},"modified":"2022-06-07T17:02:00","modified_gmt":"2022-06-07T16:02:00","slug":"indira-nasa-zena-od-titana-vraca-se-na-vodicku-pozornicu-s-istoimenom-pjesmom","status":"publish","type":"post","link":"https:\/\/cmcfestival.com.hr\/?p=9989","title":{"rendered":"Indira, na\u0161a &#8220;\u017dena od titana&#8221;, vra\u0107a se na vodi\u010dku pozornicu s istoimenom pjesmom"},"content":{"rendered":"<p><strong>Pro\u0161le je godine na vodi\u010dkoj pozornici zapalila iskru s Halidom Be\u0161li\u0107em, a ove \u0107e godine karizmati\u010dna i energi\u010dna Indira pjevati svim &#8220;\u017eenama od titana&#8221;.<\/strong><\/p>\n<p><!--more--><\/p>\n<p><em>&#8220;\u010cest sam gost Vodica, volim biti tamo i vidjeti drage kolege. Tamo bude i najbolji party na svijetu! Veselim se pozornici, bit \u0107e to atraktivan nastup s mojim plesa\u010dicama tako da obavezno do\u0111ite i u\u017eivajte!&#8221;<strong>,<\/strong><\/em><strong> pozvala je Indira sve koji su jo\u0161 neodlu\u010dni.<\/strong><\/p>\n<p>Glazbu i tekst pjesme &#8220;\u017dena od titana&#8221; potpisuje Indirin stari znanac iz Colonije, Boris \u0110ur\u0111evi\u0107, a tekst ona sama. Indirin pogled na \u017eivotnu sre\u0107u koje \u0107e u Vodicama biti vi\u0161e nego ikada je vrlo jednostavan \u2013 dobar nastup, dobra zabava, sretna publika.<\/p>\n<p>Raduje se publika njoj, a ona publici \u2013 za &#8220;\u017eenu od titana&#8221; dobitna kombinacija!<\/p>\n<p>Foto: Roberto Uzelac<\/p>\n<p><iframe loading=\"lazy\" title=\"Indira Forza - \u017dena od titana (Official video 2022)\" width=\"1060\" height=\"596\" src=\"https:\/\/www.youtube.com\/embed\/_BvP8EQzUeM?feature=oembed\" frameborder=\"0\" allow=\"accelerometer; autoplay; clipboard-write; encrypted-media; gyroscope; picture-in-picture\" allowfullscreen><\/iframe><\/p>\n","protected":false},"excerpt":{"rendered":"<p>Pro\u0161le je godine na vodi\u010dkoj pozornici zapalila iskru s Halidom Be\u0161li\u0107em, a ove \u0107e godine karizmati\u010dna i energi\u010dna Indira pjevati svim &#8220;\u017eenama od titana&#8221;.<\/p>\n","protected":false},"author":2,"featured_media":9990,"comment_status":"closed","ping_status":"closed","sticky":false,"template":"","format":"standard","meta":{"_jetpack_memberships_contains_paid_content":false,"footnotes":""},"categories":[61],"tags":[39,246,68,69,143,40,323],"class_list":["post-9989","post","type-post","status-publish","format-standard","has-post-thumbnail","hentry","category-istaknute-vijesti","tag-cmc-festival","tag-indira","tag-ljeto","tag-nova-pjesma","tag-novo","tag-vodice","tag-zena-od-titana"],"yoast_head":"<!-- This site is optimized with the Yoast SEO plugin v24.2 - https:\/\/yoast.com\/wordpress\/plugins\/seo\/ -->\n<title>Indira, na\u0161a &quot;\u017dena od titana&quot;, vra\u0107a se na vodi\u010dku pozornicu s istoimenom pjesmom - CMC festival Vodice<\/title>\n<meta name=\"robots\" content=\"index, follow, max-snippet:-1, max-image-preview:large, max-video-preview:-1\" \/>\n<link rel=\"canonical\" href=\"https:\/\/cmcfestival.com.hr\/?p=9989\" \/>\n<meta property=\"og:locale\" content=\"hr_HR\" \/>\n<meta property=\"og:type\" content=\"article\" \/>\n<meta property=\"og:title\" content=\"Indira, na\u0161a &quot;\u017dena od titana&quot;, vra\u0107a se na vodi\u010dku pozornicu s istoimenom pjesmom - CMC festival Vodice\" \/>\n<meta property=\"og:description\" content=\"Pro\u0161le je godine na vodi\u010dkoj pozornici zapalila iskru s Halidom Be\u0161li\u0107em, a ove \u0107e godine karizmati\u010dna i energi\u010dna Indira pjevati svim &#8220;\u017eenama od titana&#8221;.\" \/>\n<meta property=\"og:url\" content=\"https:\/\/cmcfestival.com.hr\/?p=9989\" \/>\n<meta property=\"og:site_name\" content=\"CMC festival Vodice\" \/>\n<meta property=\"article:published_time\" content=\"2022-06-07T16:02:00+00:00\" \/>\n<meta property=\"og:image\" content=\"https:\/\/cmcfestival.com.hr\/wp-content\/uploads\/2022\/06\/Indira.jpg\" \/>\n\t<meta property=\"og:image:width\" content=\"1500\" \/>\n\t<meta property=\"og:image:height\" content=\"1000\" \/>\n\t<meta property=\"og:image:type\" content=\"image\/jpeg\" \/>\n<meta name=\"author\" content=\"Nikola Kne\u017eevi\u0107\" \/>\n<meta name=\"twitter:card\" content=\"summary_large_image\" \/>\n<meta name=\"twitter:label1\" content=\"Napisao\/la\" \/>\n\t<meta name=\"twitter:data1\" content=\"Nikola Kne\u017eevi\u0107\" \/>\n\t<meta name=\"twitter:label2\" content=\"Procijenjeno vrijeme \u010ditanja\" \/>\n\t<meta name=\"twitter:data2\" content=\"1 minuta\" \/>\n<script type=\"application\/ld+json\" class=\"yoast-schema-graph\">{\"@context\":\"https:\/\/schema.org\",\"@graph\":[{\"@type\":\"WebPage\",\"@id\":\"https:\/\/cmcfestival.com.hr\/?p=9989\",\"url\":\"https:\/\/cmcfestival.com.hr\/?p=9989\",\"name\":\"Indira, na\u0161a \\\"\u017dena od titana\\\", vra\u0107a se na vodi\u010dku pozornicu s istoimenom pjesmom - CMC festival Vodice\",\"isPartOf\":{\"@id\":\"https:\/\/cmcfestival.com.hr\/#website\"},\"primaryImageOfPage\":{\"@id\":\"https:\/\/cmcfestival.com.hr\/?p=9989#primaryimage\"},\"image\":{\"@id\":\"https:\/\/cmcfestival.com.hr\/?p=9989#primaryimage\"},\"thumbnailUrl\":\"https:\/\/cmcfestival.com.hr\/wp-content\/uploads\/2022\/06\/Indira.jpg\",\"datePublished\":\"2022-06-07T16:02:00+00:00\",\"dateModified\":\"2022-06-07T16:02:00+00:00\",\"author\":{\"@id\":\"https:\/\/cmcfestival.com.hr\/#\/schema\/person\/dce3a38bf96d6634adf5a01107389130\"},\"breadcrumb\":{\"@id\":\"https:\/\/cmcfestival.com.hr\/?p=9989#breadcrumb\"},\"inLanguage\":\"hr\",\"potentialAction\":[{\"@type\":\"ReadAction\",\"target\":[\"https:\/\/cmcfestival.com.hr\/?p=9989\"]}]},{\"@type\":\"ImageObject\",\"inLanguage\":\"hr\",\"@id\":\"https:\/\/cmcfestival.com.hr\/?p=9989#primaryimage\",\"url\":\"https:\/\/cmcfestival.com.hr\/wp-content\/uploads\/2022\/06\/Indira.jpg\",\"contentUrl\":\"https:\/\/cmcfestival.com.hr\/wp-content\/uploads\/2022\/06\/Indira.jpg\",\"width\":1500,\"height\":1000},{\"@type\":\"BreadcrumbList\",\"@id\":\"https:\/\/cmcfestival.com.hr\/?p=9989#breadcrumb\",\"itemListElement\":[{\"@type\":\"ListItem\",\"position\":1,\"name\":\"Po\u010detna stranica\",\"item\":\"https:\/\/cmcfestival.com.hr\/\"},{\"@type\":\"ListItem\",\"position\":2,\"name\":\"Indira, na\u0161a &#8220;\u017dena od titana&#8221;, vra\u0107a se na vodi\u010dku pozornicu s istoimenom pjesmom\"}]},{\"@type\":\"WebSite\",\"@id\":\"https:\/\/cmcfestival.com.hr\/#website\",\"url\":\"https:\/\/cmcfestival.com.hr\/\",\"name\":\"CMC festival Vodice\",\"description\":\"2026\",\"potentialAction\":[{\"@type\":\"SearchAction\",\"target\":{\"@type\":\"EntryPoint\",\"urlTemplate\":\"https:\/\/cmcfestival.com.hr\/?s={search_term_string}\"},\"query-input\":{\"@type\":\"PropertyValueSpecification\",\"valueRequired\":true,\"valueName\":\"search_term_string\"}}],\"inLanguage\":\"hr\"},{\"@type\":\"Person\",\"@id\":\"https:\/\/cmcfestival.com.hr\/#\/schema\/person\/dce3a38bf96d6634adf5a01107389130\",\"name\":\"Nikola Kne\u017eevi\u0107\",\"sameAs\":[\"http:\/\/CMC%20fest\"],\"url\":\"https:\/\/cmcfestival.com.hr\/?author=2\"}]}<\/script>\n<!-- \/ Yoast SEO plugin. -->","yoast_head_json":{"title":"Indira, na\u0161a \"\u017dena od titana\", vra\u0107a se na vodi\u010dku pozornicu s istoimenom pjesmom - CMC festival Vodice","robots":{"index":"index","follow":"follow","max-snippet":"max-snippet:-1","max-image-preview":"max-image-preview:large","max-video-preview":"max-video-preview:-1"},"canonical":"https:\/\/cmcfestival.com.hr\/?p=9989","og_locale":"hr_HR","og_type":"article","og_title":"Indira, na\u0161a \"\u017dena od titana\", vra\u0107a se na vodi\u010dku pozornicu s istoimenom pjesmom - CMC festival Vodice","og_description":"Pro\u0161le je godine na vodi\u010dkoj pozornici zapalila iskru s Halidom Be\u0161li\u0107em, a ove \u0107e godine karizmati\u010dna i energi\u010dna Indira pjevati svim &#8220;\u017eenama od titana&#8221;.","og_url":"https:\/\/cmcfestival.com.hr\/?p=9989","og_site_name":"CMC festival Vodice","article_published_time":"2022-06-07T16:02:00+00:00","og_image":[{"width":1500,"height":1000,"url":"https:\/\/cmcfestival.com.hr\/wp-content\/uploads\/2022\/06\/Indira.jpg","type":"image\/jpeg"}],"author":"Nikola Kne\u017eevi\u0107","twitter_card":"summary_large_image","twitter_misc":{"Napisao\/la":"Nikola Kne\u017eevi\u0107","Procijenjeno vrijeme \u010ditanja":"1 minuta"},"schema":{"@context":"https:\/\/schema.org","@graph":[{"@type":"WebPage","@id":"https:\/\/cmcfestival.com.hr\/?p=9989","url":"https:\/\/cmcfestival.com.hr\/?p=9989","name":"Indira, na\u0161a \"\u017dena od titana\", vra\u0107a se na vodi\u010dku pozornicu s istoimenom pjesmom - CMC festival Vodice","isPartOf":{"@id":"https:\/\/cmcfestival.com.hr\/#website"},"primaryImageOfPage":{"@id":"https:\/\/cmcfestival.com.hr\/?p=9989#primaryimage"},"image":{"@id":"https:\/\/cmcfestival.com.hr\/?p=9989#primaryimage"},"thumbnailUrl":"https:\/\/cmcfestival.com.hr\/wp-content\/uploads\/2022\/06\/Indira.jpg","datePublished":"2022-06-07T16:02:00+00:00","dateModified":"2022-06-07T16:02:00+00:00","author":{"@id":"https:\/\/cmcfestival.com.hr\/#\/schema\/person\/dce3a38bf96d6634adf5a01107389130"},"breadcrumb":{"@id":"https:\/\/cmcfestival.com.hr\/?p=9989#breadcrumb"},"inLanguage":"hr","potentialAction":[{"@type":"ReadAction","target":["https:\/\/cmcfestival.com.hr\/?p=9989"]}]},{"@type":"ImageObject","inLanguage":"hr","@id":"https:\/\/cmcfestival.com.hr\/?p=9989#primaryimage","url":"https:\/\/cmcfestival.com.hr\/wp-content\/uploads\/2022\/06\/Indira.jpg","contentUrl":"https:\/\/cmcfestival.com.hr\/wp-content\/uploads\/2022\/06\/Indira.jpg","width":1500,"height":1000},{"@type":"BreadcrumbList","@id":"https:\/\/cmcfestival.com.hr\/?p=9989#breadcrumb","itemListElement":[{"@type":"ListItem","position":1,"name":"Po\u010detna stranica","item":"https:\/\/cmcfestival.com.hr\/"},{"@type":"ListItem","position":2,"name":"Indira, na\u0161a &#8220;\u017dena od titana&#8221;, vra\u0107a se na vodi\u010dku pozornicu s istoimenom pjesmom"}]},{"@type":"WebSite","@id":"https:\/\/cmcfestival.com.hr\/#website","url":"https:\/\/cmcfestival.com.hr\/","name":"CMC festival Vodice","description":"2026","potentialAction":[{"@type":"SearchAction","target":{"@type":"EntryPoint","urlTemplate":"https:\/\/cmcfestival.com.hr\/?s={search_term_string}"},"query-input":{"@type":"PropertyValueSpecification","valueRequired":true,"valueName":"search_term_string"}}],"inLanguage":"hr"},{"@type":"Person","@id":"https:\/\/cmcfestival.com.hr\/#\/schema\/person\/dce3a38bf96d6634adf5a01107389130","name":"Nikola Kne\u017eevi\u0107","sameAs":["http:\/\/CMC%20fest"],"url":"https:\/\/cmcfestival.com.hr\/?author=2"}]}},"jetpack_featured_media_url":"https:\/\/cmcfestival.com.hr\/wp-content\/uploads\/2022\/06\/Indira.jpg","jetpack_sharing_enabled":true,"_links":{"self":[{"href":"https:\/\/cmcfestival.com.hr\/index.php?rest_route=\/wp\/v2\/posts\/9989","targetHints":{"allow":["GET"]}}],"collection":[{"href":"https:\/\/cmcfestival.com.hr\/index.php?rest_route=\/wp\/v2\/posts"}],"about":[{"href":"https:\/\/cmcfestival.com.hr\/index.php?rest_route=\/wp\/v2\/types\/post"}],"author":[{"embeddable":true,"href":"https:\/\/cmcfestival.com.hr\/index.php?rest_route=\/wp\/v2\/users\/2"}],"replies":[{"embeddable":true,"href":"https:\/\/cmcfestival.com.hr\/index.php?rest_route=%2Fwp%2Fv2%2Fcomments&post=9989"}],"version-history":[{"count":2,"href":"https:\/\/cmcfestival.com.hr\/index.php?rest_route=\/wp\/v2\/posts\/9989\/revisions"}],"predecessor-version":[{"id":9992,"href":"https:\/\/cmcfestival.com.hr\/index.php?rest_route=\/wp\/v2\/posts\/9989\/revisions\/9992"}],"wp:featuredmedia":[{"embeddable":true,"href":"https:\/\/cmcfestival.com.hr\/index.php?rest_route=\/wp\/v2\/media\/9990"}],"wp:attachment":[{"href":"https:\/\/cmcfestival.com.hr\/index.php?rest_route=%2Fwp%2Fv2%2Fmedia&parent=9989"}],"wp:term":[{"taxonomy":"category","embeddable":true,"href":"https:\/\/cmcfestival.com.hr\/index.php?rest_route=%2Fwp%2Fv2%2Fcategories&post=9989"},{"taxonomy":"post_tag","embeddable":true,"href":"https:\/\/cmcfestival.com.hr\/index.php?rest_route=%2Fwp%2Fv2%2Ftags&post=9989"}],"curies":[{"name":"wp","href":"https:\/\/api.w.org\/{rel}","templated":true}]}}